{"id":349,"date":"2019-12-26T12:39:39","date_gmt":"2019-12-26T11:39:39","guid":{"rendered":"http:\/\/www.adegt.com\/?p=349"},"modified":"2023-10-09T10:16:57","modified_gmt":"2023-10-09T08:16:57","slug":"allemagne-distances-minimales-entre-les-eoliennes-et-les-habitations","status":"publish","type":"post","link":"https:\/\/www.adegt.com\/index.php\/2019\/12\/26\/allemagne-distances-minimales-entre-les-eoliennes-et-les-habitations\/","title":{"rendered":"Allemagne &#8211; Distances minimales entre les \u00e9oliennes et les habitations"},"content":{"rendered":"\n<p>Pour la paix sociale, le gouvernement allemand\nr\u00e9glemente les distances entre \u00e9oliennes<\/p>\n\n\n\n<p>Pour calmer l\u2019opposition des riverains, le\ngouvernement f\u00e9d\u00e9ral veut imposer des distances minimales entre les \u00e9oliennes\net les zones d\u2019habitations. Les professionnels sont vent debout.<\/p>\n\n\n\n<ul class=\"wp-block-list\">\n<li>Delphine Nerbollier, \u00e0 Berlin,&nbsp;<\/li>\n\n\n\n<li>le&nbsp;22\/12\/2019 \u00e0 18:48<\/li>\n<\/ul>\n\n\n\n<p><a href=\"https:\/\/www.la-croix.com\/Economie\/Monde\/paix-sociale-gouvernement-allemand-reglemente-distances-entre-eoliennes-2019-12-22-1201068027#__image_carousel_zoom\"><\/a><\/p>\n\n\n\n<p>A proximit\u00e9 de la fronti\u00e8re germano-polonaise, \u00e0\nLebus, en 2017PATRICK PLEUL\/AF<\/p>\n\n\n\n<p>Tilo Schade est plut\u00f4t satisfait. Sur les\n18 \u00e9oliennes que l\u2019entreprise Notus Energy Plan envisageait d\u2019\u00e9lever \u00e0 Kloster\nLehnin, pr\u00e8s de Potsdam, dans le Brandebourg (nord-est de l\u2019Allemagne), seules\nneuf pourraient voir le jour. Face \u00e0 l\u2019opposition des riverains et alors que la\nr\u00e9gion a impos\u00e9 un moratoire de deux ans dans cette localit\u00e9, l\u2019entreprise a\nd\u00e9cid\u00e9 de r\u00e9duire la voilure.<\/p>\n\n\n\n<p><em>\u00ab C\u2019est satisfaisant, m\u00eame si nous\nsouhaiterions qu\u2019aucune \u00e9olienne n\u2019y soit construite,&nbsp;<\/em>reconna\u00eet Tilo Schade, \u00e9lu local et membre d\u2019une\nassociation de d\u00e9fense des arbres.&nbsp;<em>Nous ne sommes pas contre les\n\u00e9oliennes en tant que telles, mais pourquoi en construire en pleine for\u00eat ? Il\nfaut couper pr\u00e8s de 1 000 arbres par \u00e9olienne, et m\u00eame si on en replante apr\u00e8s,\ncela ne compense pas. En plus, cette for\u00eat est travers\u00e9e par une piste cyclable\ntr\u00e8s emprunt\u00e9e des touristes. \u00bb<\/em><\/p>\n\n\n\n<p><strong>Rater les objectifs climatiques<\/strong><\/p>\n\n\n\n<p>Comme dans le cas de Kloster Lehnin,\nl\u2019opposition des riverains, inquiets du bruit, des effets sur la sant\u00e9, de la\npollution visuelle ou des d\u00e9g\u00e2ts sur la faune et la flore, a de plus en plus\nsouvent raison des nouveaux projets, dans un pays qui compte d\u00e9j\u00e0 30 000\n\u00e9oliennes. \u00c0 cela s\u2019ajoutent les lenteurs administratives, le manque de lignes\n\u00e0 haute tension entre le Nord venteux et le Sud consommateur, et la fin des\nrevenus garantis en 2016. Cons\u00e9quence, sur les 9 premiers mois de l\u2019ann\u00e9e,\nseuls 504 m\u00e9gawatts de nouvelles capacit\u00e9s ont \u00e9t\u00e9 install\u00e9s, soit le plus bas\nniveau depuis 20 ans.<\/p>\n\n\n\n<p>Pour les professionnels du secteur,\nl\u2019Allemagne risque de rater ses objectifs climatiques si la situation ne se\nd\u00e9bloque pas. Berlin souhaite produire 65 % de son \u00e9lectricit\u00e9 \u00e0 partir des\n\u00e9nergies renouvelables d\u2019ici \u00e0 2030, contre 40 % en 2018. Avec la fermeture des\nderni\u00e8res centrales nucl\u00e9aires en 2022 et la sortie du charbon d\u00e9cid\u00e9e pour 2038,\nle d\u00e9veloppement de l\u2019\u00e9olien est crucial. Selon la F\u00e9d\u00e9ration de l\u2019\u00e9nergie\n\u00e9olienne (BWE), il faudrait ajouter 4,7 GW de puissance install\u00e9e chaque ann\u00e9e\njusqu\u2019en 2030.<\/p>\n\n\n\n<p><strong>Quasiment plus de nouvelles surfaces disponibles<\/strong><\/p>\n\n\n\n<p>Pour lever les doutes de la population et\nacc\u00e9l\u00e9rer le rythme des installations, le gouvernement f\u00e9d\u00e9ral a d\u00e9cid\u00e9, en\nseptembre, d\u2019instaurer une limite minimale d\u2019un kilom\u00e8tre entre toute nouvelle\n\u00e9olienne, y compris celles destin\u00e9es \u00e0 en remplacer des anciennes, et les zones\nd\u2019habitations constitu\u00e9es d\u2019au moins cinq maisons. Or cette r\u00e9glementation est\njug\u00e9e trop stricte par les professionnels.<\/p>\n\n\n\n<p>Selon l\u2019Agence nationale de\nl\u2019environnement, le parc \u00e9olien pourrait en \u00eatre r\u00e9duit de 20 \u00e0 50 % alors m\u00eame\nqu\u2019il n\u2019existe quasiment plus de nouvelles surfaces disponibles. Dans une\nlettre au ministre de l\u2019\u00e9conomie, la F\u00e9d\u00e9ration de l\u2019industrie allemande (BDI)\net celle de l\u2019\u00e9nergie \u00e9olienne (BWE) redoutent que ces restrictions&nbsp;<em>\u00ab\nemp\u00eachent d\u2019atteindre les objectifs \u00e9nerg\u00e9tiques et climatiques \u00bb<\/em>&nbsp;du\npays.<\/p>\n\n\n\n<p><strong>\u00ab Liquidation de l\u2019une des industries cl\u00e9s du XXI<\/strong><strong><sup>e<\/sup><\/strong><strong>&nbsp;si\u00e8cle\n\u00bb<\/strong><\/p>\n\n\n\n<p>Dix ministres r\u00e9gionaux de l\u2019environnement\nd\u00e9noncent, eux,&nbsp;<em>\u00ab la liquidation de l\u2019une des industries cl\u00e9s du XXI<\/em><em><sup>e<\/sup><\/em><em>&nbsp;si\u00e8cle\n\u00bb<\/em>, forte de 112 000 salari\u00e9s. Dans ce\ncontexte difficile, les licenciements se multiplient en effet. En 2017, 26 000\nemplois ont \u00e9t\u00e9 supprim\u00e9s.<\/p>\n\n\n\n<p>En ao\u00fbt 2019, le g\u00e9ant Senvion, cot\u00e9 en\nBourse, a d\u00e9pos\u00e9 le bilan. En novembre, son concurrent Enercon a annonc\u00e9 la\nsuppression de 3 000 postes. Gamesa, filiale de Siemens, pr\u00e9voit elle aussi des\nlicenciements et Nordex dit chercher de nouveaux d\u00e9bouch\u00e9s \u00e0 l\u2019\u00e9tranger.<\/p>\n\n\n\n<p><strong>Baisse de l\u2019opposition lorsque les communes sont\nimpliqu\u00e9es<\/strong><\/p>\n\n\n\n<p>L\u2019imposition de distance minimale\nr\u00e9duira-t-elle les conflits avec les riverains ? Deux chercheurs de l\u2019universit\u00e9\nMartin-Luther de Halle-Wittemberg en doutent. Dans une \u00e9tude ind\u00e9pendante men\u00e9e\nen Allemagne, Suisse et aux \u00c9tats-Unis, ils constatent que les opposants\nconstituent une minorit\u00e9 tr\u00e8s active.<\/p>\n\n\n\n<p>Ils ne notent en revanche&nbsp;<em>\u00ab aucune\nrelation significative \u00bb<\/em>&nbsp;entre la distance d\u2019\u00e9loignement des\n\u00e9oliennes, l\u2019acceptation de la population et les effets du stress sur les\nriverains. Ils constatent toutefois une baisse sensible de l\u2019opposition lorsque\nles communes sont impliqu\u00e9es, en amont dans le processus de planification. Et\napr\u00e8s coup, de mani\u00e8re financi\u00e8re\u2026<\/p>\n","protected":false},"excerpt":{"rendered":"<div class=\"mh-excerpt\"><p>Pour la paix sociale, le gouvernement allemand r\u00e9glemente les distances entre \u00e9oliennes Pour calmer l\u2019opposition des riverains, le gouvernement f\u00e9d\u00e9ral veut imposer des distances minimales <a class=\"mh-excerpt-more\" href=\"https:\/\/www.adegt.com\/index.php\/2019\/12\/26\/allemagne-distances-minimales-entre-les-eoliennes-et-les-habitations\/\" title=\"Allemagne &#8211; Distances minimales entre les \u00e9oliennes et les habitations\">[&#8230;]<\/a><\/p>\n<\/div>","protected":false},"author":3,"featured_media":6656,"comment_status":"closed","ping_status":"closed","sticky":false,"template":"","format":"standard","meta":{"footnotes":""},"categories":[4],"tags":[],"class_list":["post-349","post","type-post","status-publish","format-standard","has-post-thumbnail","hentry","category-presse"],"_links":{"self":[{"href":"https:\/\/www.adegt.com\/index.php\/wp-json\/wp\/v2\/posts\/349","targetHints":{"allow":["GET"]}}],"collection":[{"href":"https:\/\/www.adegt.com\/index.php\/wp-json\/wp\/v2\/posts"}],"about":[{"href":"https:\/\/www.adegt.com\/index.php\/wp-json\/wp\/v2\/types\/post"}],"author":[{"embeddable":true,"href":"https:\/\/www.adegt.com\/index.php\/wp-json\/wp\/v2\/users\/3"}],"replies":[{"embeddable":true,"href":"https:\/\/www.adegt.com\/index.php\/wp-json\/wp\/v2\/comments?post=349"}],"version-history":[{"count":3,"href":"https:\/\/www.adegt.com\/index.php\/wp-json\/wp\/v2\/posts\/349\/revisions"}],"predecessor-version":[{"id":6738,"href":"https:\/\/www.adegt.com\/index.php\/wp-json\/wp\/v2\/posts\/349\/revisions\/6738"}],"wp:featuredmedia":[{"embeddable":true,"href":"https:\/\/www.adegt.com\/index.php\/wp-json\/wp\/v2\/media\/6656"}],"wp:attachment":[{"href":"https:\/\/www.adegt.com\/index.php\/wp-json\/wp\/v2\/media?parent=349"}],"wp:term":[{"taxonomy":"category","embeddable":true,"href":"https:\/\/www.adegt.com\/index.php\/wp-json\/wp\/v2\/categories?post=349"},{"taxonomy":"post_tag","embeddable":true,"href":"https:\/\/www.adegt.com\/index.php\/wp-json\/wp\/v2\/tags?post=349"}],"curies":[{"name":"wp","href":"https:\/\/api.w.org\/{rel}","templated":true}]}}