{"id":414,"date":"2020-02-21T11:23:18","date_gmt":"2020-02-21T10:23:18","guid":{"rendered":"http:\/\/www.adegt.com\/?p=414"},"modified":"2023-10-09T10:16:57","modified_gmt":"2023-10-09T08:16:57","slug":"dans-la-douleur-des-eoliennes","status":"publish","type":"post","link":"https:\/\/www.adegt.com\/index.php\/2020\/02\/21\/dans-la-douleur-des-eoliennes\/","title":{"rendered":"Dans la douleur des \u00e9oliennes"},"content":{"rendered":"\n<figure class=\"wp-block-image size-large\"><img loading=\"lazy\" decoding=\"async\" width=\"970\" height=\"470\" src=\"https:\/\/www.adegt.com\/wp-content\/uploads\/2020\/02\/Dans-la-douleur-2.jpg\" alt=\"\" class=\"wp-image-415\" srcset=\"https:\/\/www.adegt.com\/wp-content\/uploads\/2020\/02\/Dans-la-douleur-2.jpg 970w, https:\/\/www.adegt.com\/wp-content\/uploads\/2020\/02\/Dans-la-douleur-2-300x145.jpg 300w, https:\/\/www.adegt.com\/wp-content\/uploads\/2020\/02\/Dans-la-douleur-2-768x372.jpg 768w\" sizes=\"auto, (max-width: 970px) 100vw, 970px\" \/><figcaption>Assemblage d&rsquo;une \u00e9olienne: Au d\u00e9but tout le monde est s\u00e9duit par le projet&#8230;<\/figcaption><\/figure>\n\n\n\n<p><strong>Migraines, acouph\u00e8nes, tachycardie : l&rsquo;\u00e9olien, ce fl\u00e9au pour la sant\u00e9 <\/strong><\/p>\n\n\n\n<p>Par <a href=\"https:\/\/www.valeursactuelles.com\/historique\/marie-de-greef-madelin\">Marie de Greef-Madelin<\/a> &#8211; Publi\u00e9 le 14\/02\/2020 Valeurs actuelles<\/p>\n\n\n\n<p>Reportage. Le vent souffle. Sylvie soupire, prend sa t\u00eate entre les mains. Des mois qu&rsquo;elle subit des bourdonnements d&rsquo;oreille, des migraines, des crises d&rsquo;angoisse\u2026 Le village o\u00f9 elle vit depuis dix-huit ans, Dizy-le-Gros (Aisne), est encercl\u00e9 d&rsquo;\u00e9oliennes : <a href=\"https:\/\/www.valeursactuelles.com\/societe\/eoliennes-les-campagnes-au-bord-de-la-crise-de-nerfs-97670\">plus de 200 m\u00e2ts pour 750 habitants.<\/a> D&rsquo;o\u00f9 que l&rsquo;on vienne, de Reims, Laon, Rethel ou Montcornet, des m\u00e2ts d&rsquo;acier se dressent \u00e0 200 m\u00e8tres au-dessus du sol. <em>\u00ab La nuit, avec tous les flashs lumineux, on a l&rsquo;impression de vivre dans un sapin de No\u00ebl \u00bb<\/em>, s&#8217;emporte cette animatrice commerciale de la grande distribution. \u00c2g\u00e9e de 51 ans, elle est en arr\u00eat maladie depuis un an. Ces derniers mois, dans le village, l&rsquo;inqui\u00e9tude monte. La col\u00e8re aussi. Son voisin Antoine, qui se plaint de <em>\u00ab vertiges et de tachycardie \u00bb<\/em>. Fanny, prise r\u00e9guli\u00e8rement <em>\u00ab de migraines et de bourdonnements d&rsquo;oreille \u00bb<\/em>. Et puis Christine, qui s&rsquo;interroge sur les origines du cancer du p\u00e9ritoine de sa m\u00e8re et du cancer de la gorge de son fr\u00e8re. Ou encore Josiane, qui re\u00e7oit des d\u00e9charges \u00e9lectriques dans les jambes quand elle se prom\u00e8ne dans son jardin.<\/p>\n\n\n\n<p><em>\u00ab La nuit, on a l&rsquo;impression de vivre dans un sapin de No\u00ebl \u00bb<\/em> Tous serrent les rangs derri\u00e8re l&rsquo;association SOS Danger \u00c9olien pour d\u00e9noncer <em>\u00ab le scandale sanitaire \u00bb<\/em>. L&rsquo;heure est au recensement : <em>\u00ab J&rsquo;ai rassembl\u00e9 pr\u00e8s de 200 t\u00e9moignages dans un rayon de 10 kilom\u00e8tres. J&rsquo;ai toutes leurs attestations Cerfa \u00bb, <\/em>dit Val\u00e9rie Bernardeau, la pr\u00e9sidente de l&rsquo;association. Son mari est m\u00e9decin de campagne \u00e0 Marle, \u00e0 une dizaine de kilom\u00e8tres de l\u00e0. Il est cat\u00e9gorique : <em>\u00ab Le syndrome \u00e9olien, qui se caract\u00e9rise par une fatigue extr\u00eame, des migraines, des acouph\u00e8nes, de la tachycardie, c&rsquo;est une r\u00e9alit\u00e9. \u00bb <\/em>Apr\u00e8s un long silence, le Dr Bernardeau poursuit : <em>\u00ab La relation de cause \u00e0 effet entre les \u00e9oliennes et le cancer est difficile \u00e0 \u00e9tablir ; mais une chose est s\u00fbre, leur nombre a explos\u00e9 dans le canton. \u00bb<\/em> Sur la route de Dizy-le-Gros \u00e0 Mont-cornet, Val\u00e9rie Bernardeau roule \u00e0 toute vitesse. De part et d&rsquo;autre de la chauss\u00e9e, des lignes \u00e9lectriques enterr\u00e9es, l&rsquo;une de 90 000 volts, l&rsquo;autre de 140 000 volts. Le long d&rsquo;un champ de 42 \u00e9oliennes, la pr\u00e9sidente de l&rsquo;association d\u00e9nonce publiquement <em>\u00ab la proximit\u00e9 imm\u00e9diate des m\u00e2ts avec la route \u00bb<\/em>. Elle gare sa voiture \u00e0 une intersection. La distance avec le premier m\u00e2t n&rsquo;exc\u00e8de pas 80 m\u00e8tres. Le bruit est infernal. La pale tourne \u00e0 300 kilom\u00e8tres-heure en son extr\u00e9mit\u00e9. Lorsqu&rsquo;elle passe devant le m\u00e2t, elle d\u00e9clenche une compression de l&rsquo;air. D&rsquo;un point de vue scientifique, ces vibrations fabriquent une impulsion infrasonique : les fameux infrasons, que produisent dans une moindre mesure les ventilateurs, les machines \u00e0 laver, les s\u00e9choirs, les groupes \u00e9lectrog\u00e8nes, les centrifugeuses \u00e0 b\u00e9ton, les broyeurs\u2026 Selon le site officiel de la m\u00e9decine du travail, ces infrasons sont <em>\u00ab tr\u00e8s peu nocifs s&rsquo;ils sont passagers et de faible intensit\u00e9 \u00bb<\/em>. En revanche, en cas d&rsquo;exposition longue et\/ou de forte intensit\u00e9, ils produisent <em>\u00ab des effets d\u00e9l\u00e9t\u00e8res \u00bb (sic) <\/em>qui vont, selon le site officiel, d&rsquo;acouph\u00e8nes \u00e0 des c\u00e9phal\u00e9es, en passant par des tachycardies, une augmentation de la pression art\u00e9rielle\u2026 <em>\u00ab C&rsquo;est du d\u00e9lire, le droit du travail reconna\u00eet que les infrasons peuvent nuire aux salari\u00e9s, mais pour les riverains qui vivent autour des \u00e9oliennes,<\/em> <em>rien ! \u00bb, <\/em>poursuit Val\u00e9rie Bernardeau, qui a \u00e9crit au pr\u00e9fet des Hauts-de-France et \u00e0 l&rsquo;agence r\u00e9gionale de sant\u00e9 (ARS) pour demander qu&rsquo;une \u00e9tude \u00e9pid\u00e9miologique soit r\u00e9alis\u00e9e. Elle n&rsquo;a jamais re\u00e7u de r\u00e9ponse.<\/p>\n\n\n\n<p><strong>Le d\u00e9but de la descente aux enfers pour 130\nvaches laiti\u00e8res<\/strong><\/p>\n\n\n\n<p>L&rsquo;Acad\u00e9mie de m\u00e9decine a une autre analyse. Patrice Tran Ba Huy, auteur d&rsquo;un rapport de l&rsquo;Acad\u00e9mie publi\u00e9 en 2017, d\u00e9montre que l&rsquo;\u00e9olien terrestre <em>\u00ab affecte \u00e0 travers ses nuisances sonores et surtout visuelles la qualit\u00e9 de vie d&rsquo;une partie des riverains et donc leur bien-\u00eatre physique, mental et social \u00bb<\/em>. <strong>L&rsquo;Acad\u00e9mie a demand\u00e9, en vain, une distance minimale de 1 500 m\u00e8tres entre les \u00e9oliennes et les habitations,<\/strong> contre 500 m\u00e8tres actuellement (arr\u00eat\u00e9 du 26 ao\u00fbt 2011). \u00c0 titre de comparaison, le Canada a fix\u00e9 une distance minimale de 2,5 kilom\u00e8tres, les \u00c9tats-Unis de 2 kilom\u00e8tres, l&rsquo;Allemagne et la Grande-Bretagne, premiers producteurs du monde, de 1,5 kilom\u00e8tre\u2026 Les d\u00e9boires sanitaires dans les campagnes ne s&rsquo;arr\u00eatent pas l\u00e0. Les animaux aussi souffrent. <em>\u00ab En 2011, un parc \u00e9olien s&rsquo;est install\u00e9 \u00e0 1,8 kilom\u00e8tre de mon exploitation, <\/em>raconte Yann Joly, \u00e9leveur au Boisle. <em>Le d\u00e9but de la descente aux enfers pour mes 130 vaches laiti\u00e8res. \u00bb <\/em>Toutes des holsteins, premi\u00e8re race laiti\u00e8re de France, qui peu \u00e0 peu se sont mises \u00e0 moins manger et \u00e0 moins boire. <em>\u00ab Certains jours de grand vent, elles ne buvaient que 10 litres au lieu de 100 litres habituellement. \u00bb <\/em>Sa production laiti\u00e8re a chut\u00e9 en trois ans de 9 000 \u00e0 2 000 litres. <em>\u00ab Je me suis plaint mais j&rsquo;ai re\u00e7u des menaces : mon tracteur a br\u00fbl\u00e9 sans que je puisse me l&rsquo;expliquer, et des gens ouvraient les barri\u00e8res des p\u00e2turages pour que mes b\u00eates se sauvent. \u00bb <\/em>L&rsquo;agriculteur a fini par cesser son activit\u00e9 d&rsquo;\u00e9levage pour se concentrer sur la culture de c\u00e9r\u00e9ales. Mais il a attaqu\u00e9 en justice la soci\u00e9t\u00e9 Enercon, un g\u00e9ant allemand promoteur d&rsquo;\u00e9oliennes, estimant avoir subi un pr\u00e9judice de 150 000 euros <em>\u00ab J&rsquo;ai des dettes partout. Voil\u00e0 les cons\u00e9quences \u00bb <\/em>, dit-il. Un d\u00e9fenseur de l&rsquo;avifaune apporte un autre \u00e9clairage. Il explique que les \u00e9oliennes ont fait fuir les oiseaux du courant migratoire, <em>\u00ab \u00e0 commencer par les cigognes qui venaient par centaines s&rsquo;abreuver dans les marais de Pierrepont \u00bb<\/em>.<\/p>\n\n\n\n<p>Apr\u00e8s avoir h\u00e9sit\u00e9, Gilles Geoffroy, conseiller municipal \u00e0\nPuisieux-et-Clanlieu, dont la femme souffre d&rsquo;acouph\u00e8nes s\u00e9v\u00e8res, prend la\nparole : <em>\u00ab Quand EDF Renouvelables est venu nous pr\u00e9senter le projet\nd&rsquo;implantation de trois \u00e9oliennes, tout le conseil \u00e9tait \u00e9bloui. \u00bb <\/em>Le maire\nJean Grenier s&rsquo;est rapidement laiss\u00e9 s\u00e9duire. Un mirage : sur les photos du\ndossier, les \u00e9oliennes paraissent microscopiques. Mani\u00e8re de pr\u00e9senter le\nprojet de d\u00e9veloppement. Dans le dossier, l&rsquo;accent est mis sur les \u201cretomb\u00e9es\nfiscales annuelles\u201d : les \u00e9oliennes sont d&rsquo;abord une affaire financi\u00e8re.\nCalculette \u00e0 la main, l&rsquo;implantation de trois \u00e9oliennes va rapporter 113 213\neuros de retomb\u00e9es fiscales : pr\u00e8s de 18 000 euros pour la commune de Puisieux,\nplus de 50 000 euros pour la communaut\u00e9 de communes, 35 000 euros pour le\nd\u00e9partement et 10 000 euros pour la r\u00e9gion. \u00c0 quelques kilom\u00e8tres, le maire de\nDizy-le-Gros se livre : <em>\u00ab Dans nos communes rurales, on a tr\u00e8s peu de\nmoyens. L&rsquo;\u00e9olien va rapporter 50 000 euros par an \u00e0 la commune <\/em>[pour 12\n\u00e9oliennes, NDLR] <em>, soit exactement la baisse de la dotation globale<\/em> <em>de\nfonctionnement qu&rsquo;on a subie de la part de l&rsquo;\u00c9tat. \u00bb <\/em>Soit, on peut\ncomprendre son envie de remplir le portefeuille de la commune. Mais, avant m\u00eame\nde construire, il faut aussi pr\u00e9voir la destruction du socle en b\u00e9ton de chaque\n\u00e9olienne\u2026 laquelle co\u00fbte pr\u00e8s de 300 000 euros alors que les promoteurs\nprovisionnent 50 000 euros (non consign\u00e9s) dans leurs comptes.<\/p>\n\n\n\n<p><strong>\u201cSi encore on payait notre \u00e9lectricit\u00e9 moins\ncher\u2026 \u201d<\/strong><\/p>\n\n\n\n<p>Plusieurs personnes s&rsquo;accordent pour soup\u00e7onner des \u00e9lus des villages des alentours de <em>\u00ab s&rsquo;en \u00eatre mis plein les poches \u00bb <\/em>. La bataille judiciaire peut commencer. L&rsquo;association SOS Danger \u00c9olien s&rsquo;appr\u00eate \u00e0 attaquer cinq maires qui se seraient enrichis personnellement gr\u00e2ce \u00e0 des projets \u00e9oliens vot\u00e9s sur leur commune. Un peu au nord, le maire de Monchel-sur-Canche, Bertrand Cl\u00e9ret, agriculteur, a \u00e9t\u00e9 condamn\u00e9 pour prise ill\u00e9gale d&rsquo;int\u00e9r\u00eat. Il a per\u00e7u \u00e0 titre personnel 408 878 euros pour cinq \u00e9oliennes install\u00e9es sur ses terres, apr\u00e8s avoir vot\u00e9 leur implantation en conseil municipal. Une victoire symbolique. <em>\u00ab L&rsquo;argent va \u00e0 l&rsquo;argent \u00bb<\/em>, s&rsquo;exclame Sylvie, \u00e0 Dizy-le-Gros. <em>\u00ab Si encore on payait notre \u00e9lectricit\u00e9<\/em> <em>moins cher\u2026 mais la facture n&rsquo;a jamais \u00e9t\u00e9 aussi \u00e9lev\u00e9e <\/em>[les tarifs EDF ont augment\u00e9 de 7 % en 2019 et ont encore progress\u00e9 de 2,4 % au 1er f\u00e9vrier 2020, NDLR] <em>\u00bb, <\/em>dit-elle. L&rsquo;\u00e9olien n&rsquo;est pas une bonne \u00e9quation \u00e9conomique : le co\u00fbt d&rsquo;une \u00e9olienne atteint en moyenne 3 millions d&rsquo;euros pour une puissance de 2 m\u00e9gawatts &#8211; jusqu&rsquo;\u00e0 4,8 millions pour 3 m\u00e9gawatts &#8211; et, par le biais de divers m\u00e9canismes de subventions (prix garanti, obligation d&rsquo;achat, compl\u00e9ment de r\u00e9mun\u00e9ration), <a href=\"https:\/\/www.valeursactuelles.com\/societe\/entretien-jean-louis-butre-eoliennes-le-suicide-dedf-91507\">EDF rach\u00e8te l&rsquo;\u00e9lectricit\u00e9 \u00e0 80 euros le m\u00e9gawattheure contre un prix de march\u00e9 moyen de 45 euros.<\/a> Selon la Fondation Ifrap, le co\u00fbt brut de l&rsquo;\u00e9lectricit\u00e9 \u00e9olienne terrestre est <em>\u00ab deux fois sup\u00e9rieur \u00e0 celui de la moyenne de production en France, trois fois pour le co\u00fbt complet en tenant compte de son caract\u00e8re intermittent et al\u00e9atoire \u00bb<\/em>. Un prix exorbitant pour une production repr\u00e9sentant seulement 1 % de la consommation \u00e9lectrique ! M\u00eame en couvrant la France, l&rsquo;\u00e9olien ne satisferait pas notre besoin \u00e9nerg\u00e9tique\u2026<\/p>\n\n\n\n<p><strong>Certains riverains ont vu leur bien immobilier\nperdre entre 20 et 30 % de sa valeur<\/strong><\/p>\n\n\n\n<p>Scandale \u00e9conomique pour les riverains. <em>\u00ab Et avec \u00e7a, nos maisons ne valent plus rien \u00bb<\/em>, l\u00e2che une habitante de Dizy-le-Gros. Il y a sept ans, un jeune couple, les Verrier, a fait construire une maison ; il n&rsquo;y avait aucune \u00e9olienne derri\u00e8re chez eux. Depuis, leur bien immobilier a perdu entre 20 et 30 % de sa valeur, selon l&rsquo;agent immobilier local. La nuit tombe. La voiture longe un cimeti\u00e8re militaire. Son nom ne s&rsquo;invente pas : La D\u00e9solation, o\u00f9 reposent 2 643 soldats fran\u00e7ais tomb\u00e9s au cours des batailles de Guise pendant la guerre de 1914-1918. Des \u00e9oliennes en toile de fond et un projet de huit autres est en cours. Une derni\u00e8re illustration : \u00e0 l&rsquo;arriv\u00e9e \u00e0 Laon, magnifique ville fortifi\u00e9e m\u00e9di\u00e9vale, la vue depuis les remparts, vers le nord, plonge sur des champs d&rsquo;\u00e9oliennes. <em>\u00ab Nous, les ruraux, on n&rsquo;\u00e9tait pas grand-chose, maintenant avec cette industrialisation forc\u00e9e, on n&rsquo;est plus rien \u00bb<\/em>, conclut Val\u00e9rie Bernardeau.<\/p>\n","protected":false},"excerpt":{"rendered":"<div class=\"mh-excerpt\"><p>Migraines, acouph\u00e8nes, tachycardie : l&rsquo;\u00e9olien, ce fl\u00e9au pour la sant\u00e9 Par Marie de Greef-Madelin &#8211; Publi\u00e9 le 14\/02\/2020 Valeurs actuelles Reportage. Le vent souffle. Sylvie <a class=\"mh-excerpt-more\" href=\"https:\/\/www.adegt.com\/index.php\/2020\/02\/21\/dans-la-douleur-des-eoliennes\/\" title=\"Dans la douleur des \u00e9oliennes\">[&#8230;]<\/a><\/p>\n<\/div>","protected":false},"author":3,"featured_media":413,"comment_status":"closed","ping_status":"closed","sticky":false,"template":"","format":"standard","meta":{"footnotes":""},"categories":[4],"tags":[],"class_list":["post-414","post","type-post","status-publish","format-standard","has-post-thumbnail","hentry","category-presse"],"_links":{"self":[{"href":"https:\/\/www.adegt.com\/index.php\/wp-json\/wp\/v2\/posts\/414","targetHints":{"allow":["GET"]}}],"collection":[{"href":"https:\/\/www.adegt.com\/index.php\/wp-json\/wp\/v2\/posts"}],"about":[{"href":"https:\/\/www.adegt.com\/index.php\/wp-json\/wp\/v2\/types\/post"}],"author":[{"embeddable":true,"href":"https:\/\/www.adegt.com\/index.php\/wp-json\/wp\/v2\/users\/3"}],"replies":[{"embeddable":true,"href":"https:\/\/www.adegt.com\/index.php\/wp-json\/wp\/v2\/comments?post=414"}],"version-history":[{"count":1,"href":"https:\/\/www.adegt.com\/index.php\/wp-json\/wp\/v2\/posts\/414\/revisions"}],"predecessor-version":[{"id":416,"href":"https:\/\/www.adegt.com\/index.php\/wp-json\/wp\/v2\/posts\/414\/revisions\/416"}],"wp:featuredmedia":[{"embeddable":true,"href":"https:\/\/www.adegt.com\/index.php\/wp-json\/wp\/v2\/media\/413"}],"wp:attachment":[{"href":"https:\/\/www.adegt.com\/index.php\/wp-json\/wp\/v2\/media?parent=414"}],"wp:term":[{"taxonomy":"category","embeddable":true,"href":"https:\/\/www.adegt.com\/index.php\/wp-json\/wp\/v2\/categories?post=414"},{"taxonomy":"post_tag","embeddable":true,"href":"https:\/\/www.adegt.com\/index.php\/wp-json\/wp\/v2\/tags?post=414"}],"curies":[{"name":"wp","href":"https:\/\/api.w.org\/{rel}","templated":true}]}}