{"id":6872,"date":"2023-08-11T17:27:55","date_gmt":"2023-08-11T15:27:55","guid":{"rendered":"https:\/\/www.adegt.com\/?p=6872"},"modified":"2023-11-08T08:02:44","modified_gmt":"2023-11-08T07:02:44","slug":"lettre-reponse-a-m-philippe-deniau","status":"publish","type":"post","link":"https:\/\/www.adegt.com\/index.php\/2023\/08\/11\/lettre-reponse-a-m-philippe-deniau\/","title":{"rendered":"Lettre r\u00e9ponse \u00e0 M. Philippe DENIAU"},"content":{"rendered":"\n<p><strong>Objet\u00a0: Article NR du 29\/07\/2023 \u00ab\u00a0la Val d\u2019Amboise ne pourra pas y \u00e9chapper\u00a0\u00bb<\/strong><\/p>\n\n\n\n<figure class=\"wp-block-image size-large\"><img loading=\"lazy\" decoding=\"async\" width=\"1024\" height=\"414\" src=\"https:\/\/www.adegt.com\/wp-content\/uploads\/2023\/08\/Reponse-a-M-Deniau-1024x414.png\" alt=\"\" class=\"wp-image-6873\" srcset=\"https:\/\/www.adegt.com\/wp-content\/uploads\/2023\/08\/Reponse-a-M-Deniau-1024x414.png 1024w, https:\/\/www.adegt.com\/wp-content\/uploads\/2023\/08\/Reponse-a-M-Deniau-300x121.png 300w, https:\/\/www.adegt.com\/wp-content\/uploads\/2023\/08\/Reponse-a-M-Deniau-768x310.png 768w, https:\/\/www.adegt.com\/wp-content\/uploads\/2023\/08\/Reponse-a-M-Deniau-1536x621.png 1536w, https:\/\/www.adegt.com\/wp-content\/uploads\/2023\/08\/Reponse-a-M-Deniau-2048x827.png 2048w\" sizes=\"auto, (max-width: 1024px) 100vw, 1024px\" \/><\/figure>\n\n\n\n<p>Objet\u00a0: Article NR du 29\/07\/2023 \u00ab\u00a0la Val d\u2019Amboise ne pourra pas y \u00e9chapper\u00a0\u00bb<\/p>\n\n\n\n<p>A l\u2019attention de Monsieur Philippe DENIAU<\/p>\n\n\n\n<p>Dame Marie les Bois, le 3 Aout 2023<\/p>\n\n\n\n<p>Bonjour Monsieur le vice-pr\u00e9sident de la Communaut\u00e9 de communes du Val d\u2019Amboise. Nous avons pris connaissance de vos d\u00e9clarations dans l\u2019article de la NR cit\u00e9 en r\u00e9f\u00e9rence et souhaitons au nom de nos associations, vous faire part de nos r\u00e9flexions pour une transition \u00e9nerg\u00e9tique plus conforme au d\u00e9veloppement durable, c\u2019est-\u00e0-dire dans le respect de l\u2019\u00e9conomie de nos territoires, de l\u2019environnement (patrimoine et biodiversit\u00e9), et des gens qui y vivent. Notre pr\u00e9sident de r\u00e9gion, Monsieur BONNEAU ne d\u00e9clare-t-il pas dans le magazine \u00e9t\u00e9 2023 que \u00ab&nbsp;le tourisme est une carte ma\u00eetresse du d\u00e9veloppement r\u00e9gional&nbsp;\u00bb. Le Val de Loire fait partie des fleurons de notre r\u00e9gion.<\/p>\n\n\n\n<p><strong>Alors parlons d\u2019\u00e9conomie<\/strong> et de votre souhait de voir des \u00e9oliennes s\u2019installer dans le Val d\u2019Amboise.<\/p>\n\n\n\n<ul class=\"wp-block-list\">\n<li>Peu d\u2019emplois cr\u00e9\u00e9s dans notre r\u00e9gion, uniquement pour la maintenance, la France ne fabriquant pas d\u2019\u00e9oliennes terrestres, nous les importons.<\/li>\n\n\n\n<li>Localement destruction d\u2019emploi, fuite des touristes (\u00e9tude des H\u00e9bergeurs Touristiques de l\u2019Indre sur 1280 touristes). Perte d\u2019attractivit\u00e9&nbsp;des territoires et d\u00e9saffection de la majorit\u00e9 pour un environnement pollu\u00e9 par des machines industrielles.<\/li>\n\n\n\n<li>Retomb\u00e9es financi\u00e8res n\u2019\u00e9tant pas en rapport et ne finan\u00e7ant en rien les pertes pour l\u2019\u00e9conomie du territoire et la baisse de valeur des biens immobiliers en co-visibilit\u00e9 (entre 20 \u00e0 40%).<\/li>\n\n\n\n<li>Tout ceci pour une production intermittente de 21,67% du potentiel de ces a\u00e9rog\u00e9n\u00e9rateurs industriels (source RTE).<\/li>\n<\/ul>\n\n\n\n<p><strong>Le patrimoine et l\u2019environnement<\/strong> que vous semblez consid\u00e9rer comme quantit\u00e9 n\u00e9gligeable est notre richesse que beaucoup nous envient. Le classement de l\u2019UNESCO de la Vall\u00e9e de la Loire n\u2019est pas un gadget. Il contribue au rayonnement international et \u00e0 l\u2019attractivit\u00e9&nbsp;\u00bb de notre r\u00e9gion. Les sites UNESCO sont les premiers atouts des agences de voyage. L\u2019Indre et Loire ne compte pas moins de 867 monuments historiques.<\/p>\n\n\n\n<p>L\u2019impact de l\u2019\u00e9olien sur la biodiversit\u00e9 et sur la destruction du lien social dans les communes, sur les risques sanitaires n\u2019est pas \u00e0 n\u00e9gliger.<\/p>\n\n\n\n<p><strong>Vous \u00e9voquez la solidarit\u00e9 entre les territoires<\/strong>. Une valeur primordiale. La r\u00e9gion Centre concentre 4 centrales nucl\u00e9aires et produit 4 fois plus d\u2019\u00e9lectricit\u00e9 qu\u2019elle n\u2019en consomme (source RTE) et elle fait preuve d\u2019une belle solidarit\u00e9 avec les autres r\u00e9gions.<\/p>\n\n\n\n<p><strong>Enfin, notre r\u00e9gion se situe \u00e0 2 sur 7 sur l\u2019\u00e9chelle des vents<\/strong>, entre 40 et 60 jours de vent (carte M\u00e9t\u00e9o France) et \u00e0 ce titre ne constitue pas un gisement important pour l\u2019\u00e9olien.<\/p>\n\n\n\n<p><strong>La Loi d\u2019acc\u00e9l\u00e9ration des EnR ne se limite pas aux \u00e9nergies intermittentes<\/strong>. Elle concerne aussi les EnR thermiques qui offrent des opportunit\u00e9s de d\u00e9veloppement pour les territoires et leurs habitants, avec des enjeux d\u2019industrialisation et d\u2019innovation (cr\u00e9ation d\u2019emplois locaux) avec une rapidit\u00e9 de mise en \u0153uvre. Pour toutes ces raisons, nous restons Monsieur DENIAU \u00e0 votre disposition pour \u00e9changer sur ces sujets, et dans l\u2019attente de votre r\u00e9ponse, nous vous prions d\u2019agr\u00e9er nos respectueuses salutations<\/p>\n\n\n\n<figure class=\"wp-block-image size-large\"><img loading=\"lazy\" decoding=\"async\" width=\"1024\" height=\"301\" src=\"https:\/\/www.adegt.com\/wp-content\/uploads\/2023\/08\/Image2-1024x301.png\" alt=\"\" class=\"wp-image-6878\" srcset=\"https:\/\/www.adegt.com\/wp-content\/uploads\/2023\/08\/Image2-1024x301.png 1024w, https:\/\/www.adegt.com\/wp-content\/uploads\/2023\/08\/Image2-300x88.png 300w, https:\/\/www.adegt.com\/wp-content\/uploads\/2023\/08\/Image2-768x226.png 768w, https:\/\/www.adegt.com\/wp-content\/uploads\/2023\/08\/Image2-1536x452.png 1536w, https:\/\/www.adegt.com\/wp-content\/uploads\/2023\/08\/Image2-2048x602.png 2048w\" sizes=\"auto, (max-width: 1024px) 100vw, 1024px\" \/><\/figure>\n","protected":false},"excerpt":{"rendered":"<div class=\"mh-excerpt\"><p>Objet\u00a0: Article NR du 29\/07\/2023 \u00ab\u00a0la Val d\u2019Amboise ne pourra pas y \u00e9chapper\u00a0\u00bb Objet\u00a0: Article NR du 29\/07\/2023 \u00ab\u00a0la Val d\u2019Amboise ne pourra pas y <a class=\"mh-excerpt-more\" href=\"https:\/\/www.adegt.com\/index.php\/2023\/08\/11\/lettre-reponse-a-m-philippe-deniau\/\" title=\"Lettre r\u00e9ponse \u00e0 M. Philippe DENIAU\">[&#8230;]<\/a><\/p>\n<\/div>","protected":false},"author":70,"featured_media":0,"comment_status":"closed","ping_status":"closed","sticky":false,"template":"","format":"standard","meta":{"footnotes":""},"categories":[3],"tags":[],"class_list":["post-6872","post","type-post","status-publish","format-standard","hentry","category-nos-actions"],"_links":{"self":[{"href":"https:\/\/www.adegt.com\/index.php\/wp-json\/wp\/v2\/posts\/6872","targetHints":{"allow":["GET"]}}],"collection":[{"href":"https:\/\/www.adegt.com\/index.php\/wp-json\/wp\/v2\/posts"}],"about":[{"href":"https:\/\/www.adegt.com\/index.php\/wp-json\/wp\/v2\/types\/post"}],"author":[{"embeddable":true,"href":"https:\/\/www.adegt.com\/index.php\/wp-json\/wp\/v2\/users\/70"}],"replies":[{"embeddable":true,"href":"https:\/\/www.adegt.com\/index.php\/wp-json\/wp\/v2\/comments?post=6872"}],"version-history":[{"count":2,"href":"https:\/\/www.adegt.com\/index.php\/wp-json\/wp\/v2\/posts\/6872\/revisions"}],"predecessor-version":[{"id":6921,"href":"https:\/\/www.adegt.com\/index.php\/wp-json\/wp\/v2\/posts\/6872\/revisions\/6921"}],"wp:attachment":[{"href":"https:\/\/www.adegt.com\/index.php\/wp-json\/wp\/v2\/media?parent=6872"}],"wp:term":[{"taxonomy":"category","embeddable":true,"href":"https:\/\/www.adegt.com\/index.php\/wp-json\/wp\/v2\/categories?post=6872"},{"taxonomy":"post_tag","embeddable":true,"href":"https:\/\/www.adegt.com\/index.php\/wp-json\/wp\/v2\/tags?post=6872"}],"curies":[{"name":"wp","href":"https:\/\/api.w.org\/{rel}","templated":true}]}}