{"id":6882,"date":"2023-11-07T16:46:05","date_gmt":"2023-11-07T15:46:05","guid":{"rendered":"https:\/\/www.adegt.com\/?p=6882"},"modified":"2023-11-07T16:46:05","modified_gmt":"2023-11-07T15:46:05","slug":"castelrenaudais-auzouer-en-touraine-village-laboratoire-des-energies-renouvelables","status":"publish","type":"post","link":"https:\/\/www.adegt.com\/index.php\/2023\/11\/07\/castelrenaudais-auzouer-en-touraine-village-laboratoire-des-energies-renouvelables\/","title":{"rendered":"Castelrenaudais: Auzouer-en-Touraine, village laboratoire des \u00e9nergies renouvelables"},"content":{"rendered":"\n<p>NR\u00a0: Publi\u00e9 le 7 octobre 2023<\/p>\n\n\n\n<p><\/p>\n\n\n\n<p>Deux projets, \u00e9olien et agrivolta\u00efque, sont pr\u00e9vus \u00e0 Auzouer-en-Touraine, commune rurale d\u2019un peu plus de 2.000 habitants qui se veut pionni\u00e8re dans ce domaine en Touraine. Rencontre avec le maire Jean-Claude Baglan, qui assume ces choix.<\/p>\n\n\n\n<p>Auzouer-en-Touraine, sa place centrale \u00e0 r\u00e9am\u00e9nager, son \u00e9glise \u00e0 r\u00e9habiliter, son quotidien de village de campagne\u2026 Et\u00a0\u2013 bient\u00f4t\u00a0? \u2013 ses \u00e9oliennes et ses panneaux photovolta\u00efques. Au sud de Ch\u00e2teau-Renault, la commune d\u2019un peu plus de 2.000 habitants se distingue de nombre de ses cons\u0153urs rurales par les projets d\u2019\u00e9nergies renouvelables qui sont en passe d\u2019y voir le jour. Des programmes \u00e0 chaque fois pr\u00e9vus sur des terrains priv\u00e9s, mais que la municipalit\u00e9 soutient, malgr\u00e9 l\u2019opposition qu\u2019ils peuvent susciter. Au nom d\u2019une politique \u00e9nerg\u00e9tique plus vertueuse car moins carbon\u00e9e, mais aussi des retomb\u00e9es financi\u00e8res promises.<\/p>\n\n\n\n<p><strong>\u00ab&nbsp;Nous allons dans le sens de l\u2019histoire&nbsp;\u00bb<\/strong><\/p>\n\n\n\n<p><em>\ufeff<\/em><em>\u00ab&nbsp;La commune est favorable \u00e0 ces projets et assume cette position. \u00c0 un moment, il faut faire des choix. Nous sommes entr\u00e9s dans des ann\u00e9es cl\u00e9s en mati\u00e8re de politique \u00e9nerg\u00e9tique.&nbsp;Il faut toujours une premi\u00e8re commune, pour ouvrir la voie. Peut-\u00eatre que ce qui est en train de se faire \u00e0 Auzouer-en-Touraine donnera des id\u00e9es \u00e0 d\u2019autres communes. Nous allons dans le sens de l\u2019histoire&nbsp;\u00bb<\/em>, explique le maire Jean-Claude Baglan.<\/p>\n\n\n\n<p>Pour l\u2019\u00e9lu, le vent de l\u2019\u00e9poque viendra tr\u00e8s prochainement valider les choix faits par sa commune. <em>\ufeff<\/em><em>\u00ab&nbsp;La Loi Aper<\/em> (Acc\u00e9l\u00e9ration de la production d\u2019\u00e9nergies renouvelables)<em> arrive, en 2024. Toutes les communes devront cartographier les zones de leur territoire pouvant accueillir des \u00e9nergies renouvelables.&nbsp;\u00bb<\/em><\/p>\n\n\n\n<figure class=\"wp-block-image size-large\"><img loading=\"lazy\" decoding=\"async\" width=\"1024\" height=\"575\" src=\"https:\/\/www.adegt.com\/wp-content\/uploads\/2023\/11\/Image5-1024x575.png\" alt=\"\" class=\"wp-image-6883\" srcset=\"https:\/\/www.adegt.com\/wp-content\/uploads\/2023\/11\/Image5-1024x575.png 1024w, https:\/\/www.adegt.com\/wp-content\/uploads\/2023\/11\/Image5-300x168.png 300w, https:\/\/www.adegt.com\/wp-content\/uploads\/2023\/11\/Image5-768x431.png 768w, https:\/\/www.adegt.com\/wp-content\/uploads\/2023\/11\/Image5-678x381.png 678w, https:\/\/www.adegt.com\/wp-content\/uploads\/2023\/11\/Image5.png 1090w\" sizes=\"auto, (max-width: 1024px) 100vw, 1024px\" \/><\/figure>\n\n\n\n<p><em>Jean-Claude Baglan, maire d\u2019Auzouer-en-Touraine\u00a0: \u00ab\u00a0Nous assumons ces choix.\u00a0\u00bb<\/em> <em>\u00a9 (Photo NR, Julien Proult)<\/em><\/p>\n\n\n\n<p>Dans un d\u00e9partement o\u00f9 aucune \u00e9olienne n\u2019a encore pouss\u00e9, Auzouer esp\u00e8re bien \u00eatre la premi\u00e8re commune \u00e0 en voir sortir de terre. <em>\ufeff<\/em><em>\u00ab&nbsp;D\u2019ici 2027, si tout va bien&nbsp;\u00bb<\/em>, sourit le maire. L\u2019implantation est pr\u00e9vue \u00e0 l\u2019est de la commune, en direction de Morand. Le projet a \u00e9t\u00e9 lanc\u00e9 en 2005, et portait \u00e0 l\u2019\u00e9poque sur la construction de 16 \u00e9oliennes dans trois communes (Auzouer, Saint-Nicolas-des-Motets et Morand). Entre proc\u00e9dures administratives, abandon et relance, il ne concerne plus aujourd\u2019hui qu\u2019Auzouer. D\u00e9velopp\u00e9 par la soci\u00e9t\u00e9 Innergex, sous le nom \u00ab&nbsp;Oratorio&nbsp;\u00bb, il a \u00e9t\u00e9 r\u00e9duit \u00e0 quatre tours.<\/p>\n\n\n\n<p><strong>Oratorio et Bergerie ensoleill\u00e9e<\/strong><\/p>\n\n\n\n<p>Le programme a re\u00e7u en juin l\u2019avis favorable de l\u2019enqu\u00eate publique. Une d\u00e9cision d\u00e9finitive de la pr\u00e9fecture est attendue le 26&nbsp;novembre. En cas de feu vert, de nouveaux recours pourraient \u00eatre d\u00e9pos\u00e9s devant la justice administrative, le projet suscitant une forte opposition, chez les riverains mais aussi chez les \u00e9lus. En cause, notamment&nbsp;: l\u2019impact visuel des \u00e9oliennes qui pourraient faire perdre au Val de Loire son classement au patrimoine mondial de l\u2019Unesco.<\/p>\n\n\n\n<p><em>\u00ab&nbsp;Ce d\u00e9classement, je n\u2019y crois pas du tout&nbsp;\u00bb<\/em>, r\u00e9agit Jean-Claude Baglan. <em>\ufeff<\/em><em>\u00ab&nbsp;Et, si on veut tout passer \u00e0 l\u2019\u00e9lectrique, il va bien falloir alimenter tout \u00e7a. On va avoir besoin d\u2019une production sur le territoire.&nbsp;\u00bb<\/em><em>\ufeff<\/em><em> <\/em>Une position partag\u00e9e par un autre maire, celui de Saint-Ouen-les-Vignes, Philippe Deniau, qui estime que la Touraine <a href=\"https:\/\/www.lanouvellerepublique.fr\/indre-et-loire\/commune\/cangey\/val-d-amboise-le-territoire-ne-pourra-pas-echapper-aux-eoliennes-selon-un-maire\"><em>\u00ab&nbsp;ne pourra pas \u00e9chapper&nbsp;\u00bb<\/em><\/a><em> <\/em>\u00e0 la construction d\u2019\u00e9oliennes.<\/p>\n\n\n\n<p>En attendant les \u00e9oliennes d\u2019Oratorio, Auzouer-en-Touraine se pr\u00e9pare \u00e0 b\u00e2tir <a href=\"https:\/\/www.lanouvellerepublique.fr\/indre-et-loire\/commune\/auzouer-en-touraine\/indre-et-loire-un-collectif-d-agriculteurs-derriere-le-projet-agrivoltaique-d-auzouer-en-touraine\">la Bergerie ensoleill\u00e9e<\/a>, le nom de la ferme agrivolta\u00efque qui doit voir le jour au nord de la commune. Au programme\u00a0: 55\u00a0ha de panneaux solaires, r\u00e9partis sur 150\u00a0ha de terres agricoles et sept parcelles, capables de produire 120 m\u00e9gawatts, soit l\u2019\u00e9quivalent de la consommation annuelle de 20.000 habitants. Au milieu des panneaux est aussi pr\u00e9vue l\u2019installation d\u2019un cheptel de 500 brebis, pour conserver \u00e0 ces terres leur vocation agricole.<\/p>\n\n\n\n<figure class=\"wp-block-image size-large\"><img loading=\"lazy\" decoding=\"async\" width=\"1024\" height=\"575\" src=\"https:\/\/www.adegt.com\/wp-content\/uploads\/2023\/11\/Image6-1024x575.png\" alt=\"\" class=\"wp-image-6884\" srcset=\"https:\/\/www.adegt.com\/wp-content\/uploads\/2023\/11\/Image6-1024x575.png 1024w, https:\/\/www.adegt.com\/wp-content\/uploads\/2023\/11\/Image6-300x168.png 300w, https:\/\/www.adegt.com\/wp-content\/uploads\/2023\/11\/Image6-768x431.png 768w, https:\/\/www.adegt.com\/wp-content\/uploads\/2023\/11\/Image6-678x381.png 678w, https:\/\/www.adegt.com\/wp-content\/uploads\/2023\/11\/Image6.png 1090w\" sizes=\"auto, (max-width: 1024px) 100vw, 1024px\" \/><figcaption class=\"wp-element-caption\"><em>Autour des hameaux du Raguer et des Landes, o\u00f9 doivent \u00eatre implant\u00e9s des panneaux photovolta\u00efques     \u00a9 (Photo cor. NR, Jean-Marie Robin)<\/em><\/figcaption><\/figure>\n\n\n\n<p>L\u00e0 encore, le projet a re\u00e7u un avis favorable de l\u2019enqu\u00eateur public. Le permis de construire a \u00e9t\u00e9 sign\u00e9 par la pr\u00e9fecture le 20\u00a0juin 2023. L\u00e0 encore, des opposants se sont manifest\u00e9s\u00a0: l\u2019Association pour la sant\u00e9, la protection et l\u2019information sur l\u2019environnement (Aspie) a d\u00e9pos\u00e9 deux recours devant le tribunal administratif d\u2019Orl\u00e9ans. Le premier a \u00e9t\u00e9 rejet\u00e9 d\u00e9but septembre, le second doit encore \u00eatre examin\u00e9 sur le fond.<\/p>\n\n\n\n<p><em>\ufeff<\/em><em>\u00ab&nbsp;Mais il n\u2019est pas suspensif&nbsp;\u00bb<\/em>, souligne Jean-Claude Baglan. <em>\ufeff<\/em><em>\u00ab&nbsp;Nous esp\u00e9rons les premi\u00e8res plantations de haies autour des parcelles, pour la protection visuelle des riverains, fin 2023. La construction des panneaux est esp\u00e9r\u00e9e \u00e0 la fin du premier trimestre 2024, pour une mise en service programm\u00e9e en septembre&nbsp;2025.&nbsp;\u00bb<\/em><\/p>\n\n\n\n<p>Pour le maire d\u2019Auzouer-en-Touraine, la Bergerie ensoleill\u00e9e a plusieurs avantages. <em>\ufeff<\/em><em>\u00ab&nbsp;Il y a d\u2019abord la production d\u2019\u00e9nergies renouvelables. Mais, avec l\u2019\u00e9levage ovin, on relance aussi un \u00e9levage qui n\u2019existe plus depuis longtemps ici. Et puis il y a les raisons financi\u00e8res. Une commune comme la n\u00f4tre ne peut pas cracher sur des rentr\u00e9es d\u2019argent r\u00e9guli\u00e8res, garanties par ces projets, alors que, dans le m\u00eame temps, les dotations de l\u2019\u00c9tat baissent&nbsp;\u00bb<\/em>.<\/p>\n\n\n\n<p><strong>Plus de 50.000&nbsp;euros annuels garantis<\/strong><\/p>\n\n\n\n<p>Selon les chiffres fournis par la municipalit\u00e9, la ferme agrivolta\u00efque devrait rapporter pr\u00e8s de 35.000&nbsp;\u20ac annuels, au titre de la taxe fonci\u00e8re, et 300.000&nbsp;\u20ac, vers\u00e9s en une fois, <em>via <\/em>la taxe d\u2019am\u00e9nagement au moment de la construction. La communaut\u00e9 de communes du Castelrenaudais touchera, elle, <em>\ufeff<\/em><em>\u00ab&nbsp;autour de 250.000&nbsp;&nbsp;\u00bb<\/em> chaque ann\u00e9e au titre de la taxe fonci\u00e8re et de l\u2019Ifer (imposition forfaitaire sur les entreprises de r\u00e9seaux). Une somme appel\u00e9e \u00e0 fortement augmenter apr\u00e8s vingt ans d\u2019exploitation.<\/p>\n\n\n\n<p>L\u2019\u00e9olien, lui, rapportera autour de 16.000&nbsp;\u20ac annuels en taxes. <em>\ufeff<\/em><em>\u00ab&nbsp;Mais, sur un budget annuel d\u2019environ 2,5&nbsp;millions d\u2019euros, c\u2019est une somme non n\u00e9gligeable. Cela peut, par exemple, aider \u00e0 rembourser un emprunt.&nbsp;\u00bb<\/em><\/p>\n\n\n\n<p>Tous ces fonds viendront payer les travaux en cours (r\u00e9novation d\u2019un local jeunes) ou \u00e0 venir (r\u00e9am\u00e9nagement de la place et r\u00e9habilitation de l\u2019\u00e9glise). Une approche <em>\ufeff<\/em><em>\u00ab&nbsp;pragmatique&nbsp;\u00bb<\/em>, selon Emmanuel Hofman, premier adjoint de Jean-Claude Baglan. <em>\ufeff<\/em><em>\u00ab&nbsp;Auzouer est r\u00e9aliste, car la loi va nous obliger \u00e0 passer par ces projets. Nous deviendrons une commune r\u00e9f\u00e9rente.&nbsp;\u00bb<\/em><\/p>\n\n\n\n<p>Julien Proult- Journaliste r\u00e9daction Amboise<\/p>\n","protected":false},"excerpt":{"rendered":"<div class=\"mh-excerpt\"><p>NR\u00a0: Publi\u00e9 le 7 octobre 2023 Deux projets, \u00e9olien et agrivolta\u00efque, sont pr\u00e9vus \u00e0 Auzouer-en-Touraine, commune rurale d\u2019un peu plus de 2.000 habitants qui se <a class=\"mh-excerpt-more\" href=\"https:\/\/www.adegt.com\/index.php\/2023\/11\/07\/castelrenaudais-auzouer-en-touraine-village-laboratoire-des-energies-renouvelables\/\" title=\"Castelrenaudais: Auzouer-en-Touraine, village laboratoire des \u00e9nergies renouvelables\">[&#8230;]<\/a><\/p>\n<\/div>","protected":false},"author":70,"featured_media":6885,"comment_status":"closed","ping_status":"closed","sticky":false,"template":"","format":"standard","meta":{"footnotes":""},"categories":[4],"tags":[],"class_list":["post-6882","post","type-post","status-publish","format-standard","has-post-thumbnail","hentry","category-presse"],"_links":{"self":[{"href":"https:\/\/www.adegt.com\/index.php\/wp-json\/wp\/v2\/posts\/6882","targetHints":{"allow":["GET"]}}],"collection":[{"href":"https:\/\/www.adegt.com\/index.php\/wp-json\/wp\/v2\/posts"}],"about":[{"href":"https:\/\/www.adegt.com\/index.php\/wp-json\/wp\/v2\/types\/post"}],"author":[{"embeddable":true,"href":"https:\/\/www.adegt.com\/index.php\/wp-json\/wp\/v2\/users\/70"}],"replies":[{"embeddable":true,"href":"https:\/\/www.adegt.com\/index.php\/wp-json\/wp\/v2\/comments?post=6882"}],"version-history":[{"count":1,"href":"https:\/\/www.adegt.com\/index.php\/wp-json\/wp\/v2\/posts\/6882\/revisions"}],"predecessor-version":[{"id":6886,"href":"https:\/\/www.adegt.com\/index.php\/wp-json\/wp\/v2\/posts\/6882\/revisions\/6886"}],"wp:featuredmedia":[{"embeddable":true,"href":"https:\/\/www.adegt.com\/index.php\/wp-json\/wp\/v2\/media\/6885"}],"wp:attachment":[{"href":"https:\/\/www.adegt.com\/index.php\/wp-json\/wp\/v2\/media?parent=6882"}],"wp:term":[{"taxonomy":"category","embeddable":true,"href":"https:\/\/www.adegt.com\/index.php\/wp-json\/wp\/v2\/categories?post=6882"},{"taxonomy":"post_tag","embeddable":true,"href":"https:\/\/www.adegt.com\/index.php\/wp-json\/wp\/v2\/tags?post=6882"}],"curies":[{"name":"wp","href":"https:\/\/api.w.org\/{rel}","templated":true}]}}