{"id":6890,"date":"2023-11-07T17:10:09","date_gmt":"2023-11-07T16:10:09","guid":{"rendered":"https:\/\/www.adegt.com\/?p=6890"},"modified":"2023-11-07T17:10:51","modified_gmt":"2023-11-07T16:10:51","slug":"la-vue-depuis-le-chateau-damboise-bientot-gachee-un-projet-deoliennes-seme-la-discorde","status":"publish","type":"post","link":"https:\/\/www.adegt.com\/index.php\/2023\/11\/07\/la-vue-depuis-le-chateau-damboise-bientot-gachee-un-projet-deoliennes-seme-la-discorde\/","title":{"rendered":"<strong>La vue depuis le ch\u00e2teau d&rsquo;Amboise bient\u00f4t g\u00e2ch\u00e9e ? Un projet d&rsquo;\u00e9oliennes s\u00e8me la discorde<\/strong>"},"content":{"rendered":"\n<p>France 3 Centre Val de Loire &#8211; Publi\u00e9 le&nbsp;16\/10\/2023 \u00e0 11h34<\/p>\n\n\n\n<p>\u00c9crit par\u00a0<a href=\"https:\/\/france3-regions.francetvinfo.fr\/redaction\/thomas-hermans\"><strong>Thomas Hermans<\/strong><\/a>\u00a0et\u00a0<a href=\"https:\/\/france3-regions.francetvinfo.fr\/redaction\/julien-bernier\"><strong>Julien Bernier<\/strong><\/a><\/p>\n\n\n\n<p>Un projet de quatre \u00e9oliennes est en attente de validation par la pr\u00e9fecture, \u00e0 15 kilom\u00e8tres du ch\u00e2teau d&rsquo;Amboise. Les d\u00e9tracteurs du projet estime que le parc se situerait trop pr\u00e8s du Val de Loire, class\u00e9 au patrimoine mondial de l&rsquo;Unesco.<\/p>\n\n\n\n<p>Quatre \u00e9oliennes, scintillantes la nuit, leurs pales blanches se d\u00e9coupant nettement sur le fond du ciel bleu le jour. Voil\u00e0 la vision que pourraient bient\u00f4t avoir, face \u00e0 eux, les visiteurs du ch\u00e2teau d&rsquo;Amboise, en Indre-et-Loire. Depuis la terrasse du ch\u00e2teau, \u00ab\u00a0<em>nous verrons \u00e9merger au-dessus de la cime des arbres 120 m\u00e8tres de pales avec des clignotants<\/em>\u00ab\u00a0, redoute le directeur du ch\u00e2teau, Marc M\u00e9tay.<\/p>\n\n\n\n<p>Le projet en question est notamment port\u00e9 par la commune d&rsquo;Auzouer-en-Touraine, qui met en avant de potentielles recettes financi\u00e8res : 16&nbsp;000 euros pour elle, et 65&nbsp;000 pour les communes environnantes, assure-t-elle aupr\u00e8s de France 3. Les quatre \u00e9oliennes, aux m\u00e2ts de 87 m\u00e8tres de haut et&nbsp;<a href=\"https:\/\/www.indre-et-loire.gouv.fr\/contenu\/telechargement\/39350\/279040\/file\/Rapport.pdf\" target=\"_blank\" rel=\"noreferrer noopener\">aux pales d&rsquo;une envergure de 110 m\u00e8tres<\/a>, devraient \u00eatre implant\u00e9es dans une zone agricole, \u00e0 la lisi\u00e8re de la nationale 10, de l&rsquo;autoroute A10 et de la ligne \u00e0 grande vitesse. Le tout \u00e0 15 km (14,8 km, pour \u00eatre pr\u00e9cis) de la terrasse du ch\u00e2teau d&rsquo;Amboise, situ\u00e9 dans&nbsp;<a href=\"https:\/\/www.valdeloire.org\/Connaitre\/L-inscription-UNESCO\/Le-Bien-inscrit-du-Val-de-Loire\" target=\"_blank\" rel=\"noreferrer noopener\">le site du Val de Loire, class\u00e9 patrimoine mondial de l&rsquo;Unesco<\/a>.<\/p>\n\n\n\n<p class=\"has-large-font-size\"><strong>Visibles depuis le site Unesco<\/strong><\/p>\n\n\n\n<p>Marc M\u00e9tay s&rsquo;inqui\u00e8te de \u00ab\u00a0<em>la remise en question d&rsquo;un principe : ne pas r\u00e9aliser d&rsquo;am\u00e9nagement qui ait un impact de visibilit\u00e9 avec la Loire \u00e0 moins de 15 km<\/em>\u00ab\u00a0. Ce principe a \u00e9t\u00e9 fix\u00e9 sur papier par&nbsp;<a href=\"https:\/\/whc.unesco.org\/fr\/documents\/138546\" target=\"_blank\" rel=\"noreferrer noopener\">le plan de gestion du site Unesco du Val de Loire<\/a>, \u00e9tabli en 2012 par les services de l&rsquo;\u00c9tat, des r\u00e9gions Centre-Val de Loire et Pays de la Loire, des d\u00e9partements concern\u00e9s et de l&rsquo;Unesco. Il y est propos\u00e9 notamment de \u00ab\u00a0<em>ne pas implanter d\u2019\u00e9oliennes visibles depuis le Val, et notamment pas \u00e0 moins de 15 km du rebord du Val<\/em>\u00ab\u00a0.<\/p>\n\n\n\n<p>Ce qui, a priori, n&rsquo;a rien de coercitif. De m\u00eame,&nbsp;<a href=\"https:\/\/www.centre-val-de-loire.developpement-durable.gouv.fr\/IMG\/pdf\/4_SRCAE_ANNEXE_SRE_vf_cle6dae26.pdf\" target=\"_blank\" rel=\"noreferrer noopener\">le sch\u00e9ma \u00e9olien d\u00e9velopp\u00e9 par la r\u00e9gion<\/a>&nbsp;recommande de traiter \u00ab\u00a0<em>avec la plus grande attention<\/em>\u00a0\u00bb la \u00ab\u00a0<em>visibilit\u00e9 des \u00e9oliennes<\/em>\u00a0\u00bb qui seront implant\u00e9es dans la zone \u00ab\u00a0G\u00e2tines au sud du Loir\u00a0\u00bb, o\u00f9 se trouve Auzouer-en-Touraine. L&rsquo;implantation de tels \u00e9quipements y est cependant autoris\u00e9e par le document. Quant \u00e0&nbsp;<a href=\"https:\/\/www.valdeloire.org\/Carte\" target=\"_blank\" rel=\"noreferrer noopener\">la \u00ab\u00a0zone tampon\u00a0\u00bb du Val de Loire<\/a>, situ\u00e9e autour du site Unesco et qui y&nbsp;<a href=\"https:\/\/www.culture.gouv.fr\/Thematiques\/Monuments-Sites\/Ressources\/Les-fiches-pratiques\/Patrimoine-mondial-Fiche-2-La-zone-tampon\" target=\"_blank\" rel=\"noreferrer noopener\">proscrit des am\u00e9nagements trop visibles<\/a>&nbsp;notamment, elle ne s&rsquo;\u00e9tend pas jusqu&rsquo;au site choisi \u00e0 Auzouer.<\/p>\n\n\n\n<p>Sur la grande terrasse du ch\u00e2teau, quelques visiteurs s&rsquo;inqui\u00e8tent. \u00ab\u00a0<em>Des \u00e9oliennes, en plein milieu des ch\u00e2teaux de la Loire, ce n&rsquo;est pas tr\u00e8s souhaitable<\/em>\u00ab\u00a0, lance l&rsquo;un d&rsquo;eux. Une autre estime que, malgr\u00e9 tout, \u00ab\u00a0<em>il faut penser aux g\u00e9n\u00e9rations suivantes<\/em>\u00a0\u00bb en misant sur les \u00e9nergies renouvelables. Mais qu&rsquo;il faudrait \u00ab\u00a0<em>trouver un compromis<\/em>\u00ab\u00a0, en installant les \u00e9oliennes \u00ab\u00a0<em>un peu plus loin<\/em>\u00ab\u00a0.<\/p>\n\n\n\n<p class=\"has-large-font-size\"><strong>Grandes comme un \u00ab\u00a0Tic-Tac\u00a0\u00bb<\/strong><\/p>\n\n\n\n<p>\u00c0 noter que, pour un observateur sur la terrasse, une \u00e9olienne vue \u00e0 15 km aurait la m\u00eame taille qu&rsquo;un \u00ab\u00a0Tic-Tac\u00a0\u00bb tenu \u00e0 un m\u00e8tre. \u00ab\u00a0<em>Je ne sais pas si on les verrait beaucoup&#8230;<\/em>\u00ab\u00a0, temp\u00e8re une jeune femme, venue visiter le ch\u00e2teau d&rsquo;Amboise ce dimanche. D&rsquo;ailleurs, \u00ab\u00a0<em>on le voit, il y a d\u00e9j\u00e0 pas mal d&rsquo;installations urbaines qui enlaidissent un petit peu le paysage<\/em>\u00ab\u00a0, estime-t-elle. Et puis, \u00ab\u00a0<em>pour nous, les jeunes, l&rsquo;\u00e9cologie, c&rsquo;est important. J&rsquo;ai des \u00e9oliennes \u00e0 c\u00f4t\u00e9 de chez moi et \u00e7a ne me d\u00e9range pas forc\u00e9ment<\/em>\u00ab\u00a0.<\/p>\n\n\n\n<p>Marc M\u00e9tay l&rsquo;assure&nbsp;: \u00ab\u00a0<em>Il ne s&rsquo;agit pas de remettre en question la politique actuelle de transition \u00e9cologique.<\/em>\u00a0\u00bb Mais d&#8217;emp\u00eacher un pr\u00e9c\u00e9dent. \u00ab\u00a0<em>Jamais un projet ne s&rsquo;\u00e9tait pr\u00e9sent\u00e9 \u00e0 moins de 15 km<\/em>, soutient-il.&nbsp;<em>Il s&rsquo;agit de faire sauter ce taquet de 15&nbsp;km, donc apr\u00e8s il n&rsquo;y aura plus de limite.<\/em>\u00a0\u00bb Selon lui, c&rsquo;est \u00ab\u00a0<em>l&rsquo;ensemble du cadre de vie de nos concitoyens<\/em>\u00a0\u00bb et \u00ab\u00a0<em>la qualit\u00e9 paysag\u00e8re qui fait l&rsquo;essence de notre image de marque \u00e0 l&rsquo;\u00e9tranger<\/em>\u00a0\u00bb qui pourraient en \u00eatre \u00ab\u00a0<em>boulevers\u00e9s<\/em>\u00ab\u00a0.<\/p>\n\n\n\n<p>\u00c9lu \u00e9cologiste au conseil d\u00e9partemental d&rsquo;Indre-et-Loire, Fran\u00e7ois Lafourcade est favorable au projet. \u00ab\u00a0<em>On est un des rares d\u00e9partements de France \u00e0 n&rsquo;avoir aucune \u00e9olienne<\/em>\u00ab\u00a0, regrette-t-il. Pour lui, \u00ab\u00a0<em>dans une perspective de 100% d&rsquo;\u00e9nergies renouvelables (ENR) en 2050, il faut prendre en compte l&rsquo;ensemble des ENR, dont l&rsquo;\u00e9olien<\/em>\u00ab\u00a0. Il note que \u00ab\u00a0<em>les gens ne sont pas vraiment contre les \u00e9oliennes, mais sont plut\u00f4t \u00e0 dire : \u00ab\u00a0pas chez moi&rsquo;<\/em>\u00ab\u00a0. Sauf que, pour d\u00e9velopper l&rsquo;\u00e9olien, \u00ab\u00a0<em>tous les territoires doivent jouer le jeu<\/em>\u00ab\u00a0, consid\u00e8re-t-il.<\/p>\n\n\n\n<p>R\u00e9cemment, une commission d\u00e9partementale a vot\u00e9 contre le projet, un avis seulement consultatif. La d\u00e9cision d&rsquo;autorisation finale, attendue pour la fin d&rsquo;ann\u00e9e, reviendra au pr\u00e9fet d&rsquo;Indre-et-Loire. Sur X (ex-Twitter), le \u00ab\u00a0monsieur patrimoine\u00a0\u00bb d&rsquo;Emmanuel Macron, St\u00e9phane Bern, connu pour ses positions anti-\u00e9oliennes, a pris la parole pour rappeler le \u00ab\u00a0<em>c\u00f4ne de visibilit\u00e9<\/em>\u00a0\u00bb du projet depuis les sites Unesco du Val de Loire. Aupr\u00e8s de&nbsp;<a href=\"https:\/\/www.francebleu.fr\/infos\/environnement\/on-massacre-le-patrimoine-stephane-bern-prend-la-defense-du-chateau-d-amboise-contre-un-projet-eolien-2497506\" target=\"_blank\" rel=\"noreferrer noopener\"><em>France Bleu Touraine<\/em><\/a>, il a promis qu&rsquo;il \u00e9voquerait le sujet avec le pr\u00e9sident de la R\u00e9publique.<\/p>\n\n\n\n<p class=\"has-large-font-size\"><strong>\u00ab&nbsp;C\u2019est un d\u00e9ni de d\u00e9mocratie&nbsp;\u00bb&nbsp;: St\u00e9phane Bern oppos\u00e9 \u00e0 un projet \u00e9olien pr\u00e8s du ch\u00e2teau d\u2019Amboise<\/strong><\/p>\n\n\n\n<p>St\u00e9phane Bern s\u2019oppose au projet \u00e9olien pr\u00e9vu \u00e0 proximit\u00e9 de deux ch\u00e2teaux du Val de Loire. Il&nbsp;met en avant le risque pour le patrimoine class\u00e9 \u00e0 l\u2019Unesco. L\u2019animateur compte aborder ce sujet lors de sa prochaine rencontre avec le pr\u00e9sident Emmanuel Macron.<\/p>\n\n\n\n<figure class=\"wp-block-image size-full is-resized\"><img loading=\"lazy\" decoding=\"async\" src=\"https:\/\/www.adegt.com\/wp-content\/uploads\/2023\/11\/Image10.jpg\" alt=\"\" class=\"wp-image-6891\" width=\"496\" height=\"279\" srcset=\"https:\/\/www.adegt.com\/wp-content\/uploads\/2023\/11\/Image10.jpg 398w, https:\/\/www.adegt.com\/wp-content\/uploads\/2023\/11\/Image10-300x169.jpg 300w\" sizes=\"auto, (max-width: 496px) 100vw, 496px\" \/><\/figure>\n\n\n\n<p class=\"has-small-font-size\"><em>Sur le r\u00e9seau social X, le 11&nbsp;octobre 2023, St\u00e9phane Bern s\u2019est insurg\u00e9 contre le projet d\u2019implantation de quatre \u00e9oliennes \u00e0 proximit\u00e9 du ch\u00e2teau d\u2019Amboise et du ch\u00e2teau de Chaumont-sur-Loire (Indre-et-Loire). |&nbsp;EDDY LEMAISTRE \/ ARCHIVES OUEST-FRANCEVoir en plein \u00e9cran<\/em><\/p>\n\n\n\n<p><a href=\"https:\/\/www.ouest-france.fr\/\">Ouest-France<\/a>&nbsp;&nbsp;avec NGPubli\u00e9 le&nbsp;16\/10\/2023&nbsp;\u00e0 16h41<\/p>\n\n\n\n<p>L\u2019animateur et d\u00e9fenseur du patrimoine St\u00e9phane Bern&nbsp;s\u2019est exprim\u00e9 sur le r\u00e9seau social X (anciennement Twitter) le 11&nbsp;octobre 2023&nbsp;pour condamner&nbsp;le projet \u00e9olien pr\u00e9vu \u00e0 Auzouer-en-Touraine (Indre-et-Loire). Les quatre \u00e9oliennes doivent&nbsp;\u00eatre implant\u00e9es \u00e0 environ 15&nbsp;kilom\u00e8tres du ch\u00e2teau d\u2019Amboise et du ch\u00e2teau de Chaumont-sur-Loire, rappelle&nbsp;<a rel=\"noreferrer noopener\" href=\"https:\/\/www.francebleu.fr\/infos\/environnement\/on-massacre-le-patrimoine-stephane-bern-prend-la-defense-du-chateau-d-amboise-contre-un-projet-eolien-2497506\" target=\"_blank\"><em>France Bleu Touraine<\/em><\/a><em>&nbsp;<\/em>.&nbsp;<strong>\u00ab&nbsp;Il serait temps que le pr\u00e9fet d\u2019Indre-et-Loire&nbsp;se souvienne que dans ce c\u00f4ne de visibilit\u00e9, le ch\u00e2teau d\u2019Amboise et le ch\u00e2teau de Chaumont-sur-Loire sont des joyaux du Val de Loire, inscrits au patrimoine mondial de l\u2019Unesco&nbsp;\u00bb<\/strong>,&nbsp;a \u00e9crit&nbsp;St\u00e9phane Bern.<\/p>\n\n\n\n<p>Il a r\u00e9affirm\u00e9 sa position au micro de&nbsp;<em>France Bleu<\/em>&nbsp;\u00e9voquant un paysage g\u00e2ch\u00e9 par ces implantations.&nbsp;<strong>\u00ab&nbsp;Les visiteurs qui viennent nombreux visiter le ch\u00e2teau d\u2019Amboise, quand ils monteront sur la Tour des Minimes ou sur le jardin de Naples, ils apercevront un horizon d\u2019\u00e9oliennes&nbsp;\u00bb<\/strong>, a-t-il d\u00e9clar\u00e9. Un argument balay\u00e9 par&nbsp;la soci\u00e9t\u00e9 Innergex, futur exploitant du parc \u00e9olien,&nbsp;qui a pr\u00e9cis\u00e9 \u00e0 nos confr\u00e8res que les \u00e9oliennes seraient tr\u00e8s peu visibles depuis les ch\u00e2teaux.&nbsp;<strong>\u00ab&nbsp;Elles repr\u00e9sentent un point de 1&nbsp;centim\u00e8tre \u00e0 l\u2019horizon, elles sont donc \u00e0 toutes fins pratiques quasiment invisibles.&nbsp;\u00bb<\/strong><\/p>\n\n\n\n<p><strong>Il compte en parler \u00e0 Emmanuel Macron<\/strong><\/p>\n\n\n\n<p>St\u00e9phane Bern a \u00e9galement exprim\u00e9 sa d\u00e9sapprobation vis-\u00e0-vis du gouvernement.&nbsp;<strong>\u00ab&nbsp;On n\u2019a pas interrog\u00e9, ni le ch\u00e2teau d\u2019Amboise, ni les citoyens. C\u2019est un d\u00e9ni de d\u00e9mocratie, mais apr\u00e8s tout, c\u2019est ce que pratique r\u00e9guli\u00e8rement le gouvernement d\u2019\u00c9lisabeth Borne&nbsp;\u00bb<\/strong>, a-t-il critiqu\u00e9 sans faire de langue de bois.<\/p>\n\n\n\n<p>St\u00e9phane Bern doit rencontrer tr\u00e8s prochainement le Pr\u00e9sident Emmanuel Macron et pr\u00e9voit d\u2019aborder cette question \u00e9pineuse.&nbsp;<strong>\u00ab&nbsp;Il conna\u00eet mon opinion sur la question. [\u2026] J\u2019esp\u00e8re qu\u2019il sera sensible \u00e0 mes arguments&nbsp;\u00bb<\/strong>, a-t-il pr\u00e9cis\u00e9. Le projet n\u2019a pas encore \u00e9t\u00e9 autoris\u00e9 par la pr\u00e9fecture qui doit rendre son avis&nbsp;d\u2019ici la fin de l\u2019ann\u00e9e.<\/p>\n","protected":false},"excerpt":{"rendered":"<div class=\"mh-excerpt\"><p>France 3 Centre Val de Loire &#8211; Publi\u00e9 le&nbsp;16\/10\/2023 \u00e0 11h34 \u00c9crit par\u00a0Thomas Hermans\u00a0et\u00a0Julien Bernier Un projet de quatre \u00e9oliennes est en attente de validation <a class=\"mh-excerpt-more\" href=\"https:\/\/www.adegt.com\/index.php\/2023\/11\/07\/la-vue-depuis-le-chateau-damboise-bientot-gachee-un-projet-deoliennes-seme-la-discorde\/\" title=\"La vue depuis le ch\u00e2teau d&rsquo;Amboise bient\u00f4t g\u00e2ch\u00e9e ? Un projet d&rsquo;\u00e9oliennes s\u00e8me la discorde\">[&#8230;]<\/a><\/p>\n<\/div>","protected":false},"author":70,"featured_media":6892,"comment_status":"closed","ping_status":"closed","sticky":false,"template":"","format":"standard","meta":{"footnotes":""},"categories":[4],"tags":[],"class_list":["post-6890","post","type-post","status-publish","format-standard","has-post-thumbnail","hentry","category-presse"],"_links":{"self":[{"href":"https:\/\/www.adegt.com\/index.php\/wp-json\/wp\/v2\/posts\/6890","targetHints":{"allow":["GET"]}}],"collection":[{"href":"https:\/\/www.adegt.com\/index.php\/wp-json\/wp\/v2\/posts"}],"about":[{"href":"https:\/\/www.adegt.com\/index.php\/wp-json\/wp\/v2\/types\/post"}],"author":[{"embeddable":true,"href":"https:\/\/www.adegt.com\/index.php\/wp-json\/wp\/v2\/users\/70"}],"replies":[{"embeddable":true,"href":"https:\/\/www.adegt.com\/index.php\/wp-json\/wp\/v2\/comments?post=6890"}],"version-history":[{"count":2,"href":"https:\/\/www.adegt.com\/index.php\/wp-json\/wp\/v2\/posts\/6890\/revisions"}],"predecessor-version":[{"id":6894,"href":"https:\/\/www.adegt.com\/index.php\/wp-json\/wp\/v2\/posts\/6890\/revisions\/6894"}],"wp:featuredmedia":[{"embeddable":true,"href":"https:\/\/www.adegt.com\/index.php\/wp-json\/wp\/v2\/media\/6892"}],"wp:attachment":[{"href":"https:\/\/www.adegt.com\/index.php\/wp-json\/wp\/v2\/media?parent=6890"}],"wp:term":[{"taxonomy":"category","embeddable":true,"href":"https:\/\/www.adegt.com\/index.php\/wp-json\/wp\/v2\/categories?post=6890"},{"taxonomy":"post_tag","embeddable":true,"href":"https:\/\/www.adegt.com\/index.php\/wp-json\/wp\/v2\/tags?post=6890"}],"curies":[{"name":"wp","href":"https:\/\/api.w.org\/{rel}","templated":true}]}}