{"id":6895,"date":"2023-11-07T17:18:43","date_gmt":"2023-11-07T16:18:43","guid":{"rendered":"https:\/\/www.adegt.com\/?p=6895"},"modified":"2023-11-08T07:58:52","modified_gmt":"2023-11-08T06:58:52","slug":"projet-deoliennes-pres-du-chateau-damboise-le-prefet-suspend-sa-decision-nouvelle-expertise-demandee","status":"publish","type":"post","link":"https:\/\/www.adegt.com\/index.php\/2023\/11\/07\/projet-deoliennes-pres-du-chateau-damboise-le-prefet-suspend-sa-decision-nouvelle-expertise-demandee\/","title":{"rendered":"<strong>Projet d&rsquo;\u00e9oliennes pr\u00e8s du ch\u00e2teau d&rsquo;Amboise\u00a0: le pr\u00e9fet suspend sa d\u00e9cision, nouvelle expertise demand\u00e9e<\/strong>"},"content":{"rendered":"\n<p>De <a href=\"https:\/\/www.francebleu.fr\/les-equipes\/annabelle-wanecque\">Annabelle Wanecque<\/a><\/p>\n\n\n\n<p>Jeudi 19 octobre 2023 \u00e0 12\u00a0: 58<\/p>\n\n\n\n<p>Par <a href=\"https:\/\/www.francebleu.fr\/touraine\">France Bleu Touraine<\/a>,<\/p>\n\n\n\n<p>Suite \u00e0 la pol\u00e9mique suscit\u00e9e par un projet d&rsquo;installation de quatre \u00e9oliennes \u00e0 quinze kilom\u00e8tres du ch\u00e2teau d&rsquo;Amboise, et le coup de gueule pouss\u00e9 par St\u00e9phane Bern, le pr\u00e9fet d&rsquo;Indre-et-Loire d\u00e9cide ce jeudi de suspendre sa d\u00e9cision.<img loading=\"lazy\" decoding=\"async\" width=\"697\" height=\"395\" src=\"\" alt=\"Le pr\u00e9fet d'Indre-et-Loire demande ce jeudi une nouvelle expertise sur le projet d'\u00e9oliennes aux abords du ch\u00e2teau d'Amboise.\"><\/p>\n\n\n\n<p>Le pr\u00e9fet d&rsquo;Indre-et-Loire demande ce jeudi une nouvelle expertise sur le projet d&rsquo;\u00e9oliennes aux abords du ch\u00e2teau d&rsquo;Amboise. \u00a9 Radio France &#8211; Isabelle Gaudin<\/p>\n\n\n\n<p>Devant la lev\u00e9e de boucliers suscit\u00e9e par un projet de parc \u00e9olien \u00e0 Auzouer-en-Touraine, et <a href=\"https:\/\/www.francebleu.fr\/infos\/environnement\/on-massacre-le-patrimoine-stephane-bern-prend-la-defense-du-chateau-d-amboise-contre-un-projet-eolien-2497506\" target=\"_blank\" rel=\"noreferrer noopener\">l&rsquo;entr\u00e9e dans la bataille du c\u00e9l\u00e8bre animateur de t\u00e9l\u00e9vision St\u00e9phane Bern<\/a>, <strong>le pr\u00e9fet d&rsquo;Indre-et-Loire suspend ce jeudi sa d\u00e9cision<\/strong> quant \u00e0 l&rsquo;autorisation ou non de ces quatre \u00e9oliennes. Ce projet pourrait s&rsquo;installer \u00e0 15,1 kilom\u00e8tres du ch\u00e2teau d&rsquo;Amboise, \u00e0 17,5 kilom\u00e8tres du ch\u00e2teau de Chaumont-sur-Loire, et \u00e0 14,8 kilom\u00e8tres de la Loire, dans le patrimoine du Val de Loire donc, class\u00e9 au patrimoine mondial de l&rsquo;UNESCO.<\/p>\n\n\n\n<p><strong>\u00ab\u00a0On va constater l&rsquo;impact visuel de ces \u00e9oliennes depuis le ch\u00e2teau d&rsquo;Amboise\u00a0\u00bb<\/strong><\/p>\n\n\n\n<p>Patrice Latron dit entendre les contestations, <em>\u00ab\u00a0les inqui\u00e9tudes l\u00e9gitimes\u00a0\u00bb<\/em>. Il <strong>demande donc une tierce expertise<\/strong>. D&rsquo;ici la fin de l&rsquo;ann\u00e9e, une soci\u00e9t\u00e9 va faire monter des ballons \u00e0 hauteur des m\u00e2ts et des pales envisag\u00e9s de fa\u00e7on \u00e0 se faire une id\u00e9e pr\u00e9cise de ce que le projet repr\u00e9senterait, vu du ch\u00e2teau d&rsquo;Amboise. Le pr\u00e9fet assure qu&rsquo;il sera sur place pour se rendre compte, avec le directeur du ch\u00e2teau. Il invite St\u00e9phane Bern \u00e0 les rejoindre. Il prendra ensuite sa d\u00e9cision.<\/p>\n\n\n\n<p>Le pr\u00e9fet ne cache d&rsquo;ailleurs pas qu&rsquo;en terme de d\u00e9veloppement durable, il <em>\u00ab\u00a0faut y aller, car c&rsquo;est ce qu&rsquo;attendent les Fran\u00e7ais\u00a0\u00bb<\/em>. Mais il ajoute&nbsp;: <em>\u00ab\u00a0pas \u00e0 n&rsquo;importe quel prix\u00a0\u00bb<\/em>. <em>\u00ab\u00a0Je veux voir, et apr\u00e8s je prendrai ma d\u00e9cision\u00a0\u00bb.<\/em><\/p>\n\n\n\n<p><a href=\"https:\/\/www.francebleu.fr\/les-equipes\/annabelle-wanecque\">Annabelle Wanecque<\/a> <a href=\"https:\/\/www.francebleu.fr\/touraine\">France Bleu Touraine<\/a><\/p>\n","protected":false},"excerpt":{"rendered":"<div class=\"mh-excerpt\"><p>De Annabelle Wanecque Jeudi 19 octobre 2023 \u00e0 12\u00a0: 58 Par France Bleu Touraine, Suite \u00e0 la pol\u00e9mique suscit\u00e9e par un projet d&rsquo;installation de quatre <a class=\"mh-excerpt-more\" href=\"https:\/\/www.adegt.com\/index.php\/2023\/11\/07\/projet-deoliennes-pres-du-chateau-damboise-le-prefet-suspend-sa-decision-nouvelle-expertise-demandee\/\" title=\"Projet d&rsquo;\u00e9oliennes pr\u00e8s du ch\u00e2teau d&rsquo;Amboise\u00a0: le pr\u00e9fet suspend sa d\u00e9cision, nouvelle expertise demand\u00e9e\">[&#8230;]<\/a><\/p>\n<\/div>","protected":false},"author":70,"featured_media":6896,"comment_status":"closed","ping_status":"closed","sticky":false,"template":"","format":"standard","meta":{"footnotes":""},"categories":[4],"tags":[],"class_list":["post-6895","post","type-post","status-publish","format-standard","has-post-thumbnail","hentry","category-presse"],"_links":{"self":[{"href":"https:\/\/www.adegt.com\/index.php\/wp-json\/wp\/v2\/posts\/6895","targetHints":{"allow":["GET"]}}],"collection":[{"href":"https:\/\/www.adegt.com\/index.php\/wp-json\/wp\/v2\/posts"}],"about":[{"href":"https:\/\/www.adegt.com\/index.php\/wp-json\/wp\/v2\/types\/post"}],"author":[{"embeddable":true,"href":"https:\/\/www.adegt.com\/index.php\/wp-json\/wp\/v2\/users\/70"}],"replies":[{"embeddable":true,"href":"https:\/\/www.adegt.com\/index.php\/wp-json\/wp\/v2\/comments?post=6895"}],"version-history":[{"count":2,"href":"https:\/\/www.adegt.com\/index.php\/wp-json\/wp\/v2\/posts\/6895\/revisions"}],"predecessor-version":[{"id":6919,"href":"https:\/\/www.adegt.com\/index.php\/wp-json\/wp\/v2\/posts\/6895\/revisions\/6919"}],"wp:featuredmedia":[{"embeddable":true,"href":"https:\/\/www.adegt.com\/index.php\/wp-json\/wp\/v2\/media\/6896"}],"wp:attachment":[{"href":"https:\/\/www.adegt.com\/index.php\/wp-json\/wp\/v2\/media?parent=6895"}],"wp:term":[{"taxonomy":"category","embeddable":true,"href":"https:\/\/www.adegt.com\/index.php\/wp-json\/wp\/v2\/categories?post=6895"},{"taxonomy":"post_tag","embeddable":true,"href":"https:\/\/www.adegt.com\/index.php\/wp-json\/wp\/v2\/tags?post=6895"}],"curies":[{"name":"wp","href":"https:\/\/api.w.org\/{rel}","templated":true}]}}