{"id":6898,"date":"2023-11-07T17:24:44","date_gmt":"2023-11-07T16:24:44","guid":{"rendered":"https:\/\/www.adegt.com\/?p=6898"},"modified":"2023-11-08T07:57:42","modified_gmt":"2023-11-08T06:57:42","slug":"amboise-un-peu-de-repit-pour-les-opposants-au-projet-eolien","status":"publish","type":"post","link":"https:\/\/www.adegt.com\/index.php\/2023\/11\/07\/amboise-un-peu-de-repit-pour-les-opposants-au-projet-eolien\/","title":{"rendered":"<strong>Amboise\u00a0: un peu de r\u00e9pit pour les opposants au projet \u00e9olien<\/strong>"},"content":{"rendered":"\n<p>Nouvelle R\u00e9publique &#8211; Publi\u00e9 le 19\/10\/2023 \u00e0 18\u00a0: 01 | Mis \u00e0 jour le 19\/10\/2023 \u00e0 20\u00a0: 45<\/p>\n\n\n\n<p>Le pr\u00e9fet Patrice Latron a annonc\u00e9 ce jeudi 19&nbsp;octobre 2023 demander une expertise ind\u00e9pendante.<br><em>\u00a9 (Photo NR, Julien Proult)<\/em><\/p>\n\n\n\n<p>Le pr\u00e9fet a suspendu, jeudi 19&nbsp;octobre 2023, sa signature du projet Oratorio, dans l\u2019attente d\u2019une nouvelle expertise sur l\u2019impact visuel des \u00e9oliennes, pr\u00e9vue d\u2019ici fin 2023.<\/p>\n\n\n\n<p>Les opposants gagnent un peu de temps. Face \u00e0 la mobilisation des tenants du \u00ab&nbsp;non&nbsp;\u00bb \u00e0 l\u2019implantation de <a href=\"https:\/\/www.lanouvellerepublique.fr\/indre-et-loire\/commune\/auzouer-en-touraine\/castelrenaudais-auzouer-en-touraine-village-laboratoire-des-energies-renouvelables\">quatre \u00e9oliennes \u00e0 Auzouer-en-Touraine,<\/a> le pr\u00e9fet Patrice Latron a annonc\u00e9 jeudi 19&nbsp;octobre 2023 qu\u2019il suspendait pour quelques mois sa signature du projet dit Oratorio. Le temps que soit r\u00e9alis\u00e9e une expertise ind\u00e9pendante sur l\u2019impact visuel r\u00e9el des mats depuis le ch\u00e2teau royal d\u2019Amboise.<\/p>\n\n\n\n<p>Une d\u00e9cision prise pour prendre en compte <em>\u00ab&nbsp;la contestation&nbsp;\u00bb<\/em> et les <em>\u00ab&nbsp;inqui\u00e9tudes l\u00e9gitimes&nbsp;\u00bb<\/em> qui s\u2019expriment depuis quelques semaines. M\u00eame si le repr\u00e9sentant de l\u2019\u00c9tat n\u2019a pas cach\u00e9 que le projet est <em>\u00ab&nbsp;juridiquement m\u00fbr&nbsp;\u00bb<\/em> et pr\u00eat \u00e0 \u00eatre lanc\u00e9.<\/p>\n\n\n\n<p><strong>\u00ab&nbsp;Je pense qu\u2019il faut y aller&nbsp;\u00bb<\/strong><\/p>\n\n\n\n<p><em>\u00ab&nbsp;Je pense qu\u2019il faut y aller parce qu\u2019on n\u2019a pas d\u2019\u00e9oliennes <\/em>(en Indre-et- Loire)<em>, parce que c\u2019est la politique du gouvernement en mati\u00e8re d\u2019\u00e9nergies renouvelables, parce que c\u2019est une politique qu\u2019attendent les Fran\u00e7ais. Je pense qu\u2019il faut y aller, mais pas \u00e0 n\u2019importe quel prix. C\u2019est pourquoi je suspends ma signature le temps d\u2019une expertise paysag\u00e8re conjointe&nbsp;\u00bb<\/em>, a d\u00e9clar\u00e9 Patrice Latron, lors d\u2019une conf\u00e9rence de presse en pr\u00e9fecture. La d\u00e9cision finale \u00e9tait initialement pr\u00e9vue d\u2019ici \u00e0 la fin novembre.<\/p>\n\n\n\n<p>Cette <em>\u00ab&nbsp;tierce expertise&nbsp;\u00bb<\/em> devrait \u00eatre r\u00e9alis\u00e9e d\u2019ici \u00e0 la fin de l\u2019ann\u00e9e. L\u2019id\u00e9e est de faire monter des ballons au plus haut des \u00e9oliennes (140&nbsp;m) pour<em> \u00ab&nbsp;se faire une id\u00e9e pr\u00e9cise de ce que cela va repr\u00e9senter&nbsp;\u00bb<\/em>.<\/p>\n\n\n\n<p>Patrice Latron se rendra au ch\u00e2teau royal le jour o\u00f9 seront r\u00e9alis\u00e9s ces tests. <em>\u00ab&nbsp;Je veux voir et apr\u00e8s je prendrai ma d\u00e9cision.&nbsp;\u00bb<\/em> La presse sera convi\u00e9e. Tout comme St\u00e9phane Bern, qui a ouvertement <a href=\"https:\/\/www.lanouvellerepublique.fr\/amboise\/amboise-stephane-bern-monte-au-creneau-contre-les-eoliennes\">pris position r\u00e9cemment contre le projet Oratorio<\/a>. <em>\u00ab&nbsp;Puisque M. Bern s\u2019int\u00e9resse au sujet, je l\u2019invite \u00e0 venir \u00e0 mes c\u00f4t\u00e9s&nbsp;\u00bb<\/em>, a dit le pr\u00e9fet.<\/p>\n\n\n\n<p><strong>\u00ab&nbsp;Jamais un site n\u2019a \u00e9t\u00e9 d\u00e9sinscrit \u00e0 cause de l\u2019\u00e9olien&nbsp;\u00bb<\/strong><\/p>\n\n\n\n<p>Avec cette nouvelle expertise, qui fera suite \u00e0 celle vers\u00e9e \u00e0 l\u2019enqu\u00eate publique par Innergex, la soci\u00e9t\u00e9 porteuse du projet, le pr\u00e9fet r\u00e9pond \u00e0 une demande du Ch\u00e2teau royal, en premi\u00e8re ligne contre les \u00e9oliennes d\u2019Auzouer. Pour justifier leur opposition \u00e0 Oratorio,<a href=\"https:\/\/www.lanouvellerepublique.fr\/indre-et-loire\/commune\/autreche\/les-eoliennes-d-auzouer-en-touraine-bientot-evoquees-a-l-elysee\"> Marc M\u00e9tay, le directeur du ch\u00e2teau, et St\u00e9phane Bern<\/a> \u00e9voquent notamment l\u2019impact visuel des \u00e9oliennes et la menace qu\u2019elles repr\u00e9senteraient pour le classement du Val de Loire au patrimoine mondial de l\u2019Unesco.<\/p>\n\n\n\n<p>Un argument rejet\u00e9 jeudi par le pr\u00e9fet, d\u00e9monstration chiffr\u00e9e \u00e0 l\u2019appui. Ainsi, le p\u00e9rim\u00e8tre de sauvegarde de 15&nbsp;km \u00e9voqu\u00e9 par les opposants rel\u00e8ve-t-il simplement d\u2019un <em>\u00ab&nbsp;guide de bonnes pratiques&nbsp;\u00bb<\/em> du plan de gestion du Val de Loire, mais n\u2019est en aucun cas <em>\u00ab&nbsp;une obligation&nbsp;\u00bb<\/em>, a soulign\u00e9 le repr\u00e9sentant de l\u2019\u00c9tat. En tout \u00e9tat de cause, le ch\u00e2teau royal est situ\u00e9 <em>\u00ab&nbsp;\u00e0 15,1&nbsp;km&nbsp;\u00bb<\/em> des \u00e9oliennes, selon la pr\u00e9fecture.<\/p>\n\n\n\n<p>De m\u00eame, <em>\u00ab&nbsp;l\u2019Unesco explique qu\u2019il n\u2019y a pas d\u2019incompatibilit\u00e9 de principe entre les sites inscrits au patrimoine mondial et le d\u00e9veloppement de<\/em>&nbsp;<em>l\u2019\u00e9olien&nbsp;\u00bb. <\/em>Sur les 1.157 sites inscrits au patrimoine de l\u2019Unesco depuis 1972, seulement trois ont perdu le label. <em>\u00ab&nbsp;Mais jamais un site n\u2019a \u00e9t\u00e9 d\u00e9sinscrit \u00e0 cause de l\u2019\u00e9olien.&nbsp;\u00bb<\/em><\/p>\n\n\n\n<p>Les r\u00e9actions<\/p>\n\n\n\n<ul class=\"wp-block-list\">\n<li>Marc M\u00e9tay, directeur du ch\u00e2teau royal. \u00ab&nbsp;Je ne peux que me r\u00e9jouir de la d\u00e9cision du pr\u00e9fet et que ma demande d\u2019expertise ind\u00e9pendante, qui \u00e9tait l\u00e9gitime, soit prise en compte. Je reste vigilant sur la suite du projet.&nbsp;\u00bb<\/li>\n\n\n\n<li>Guillaume Jumel, soci\u00e9t\u00e9 Innergex. \u00ab&nbsp;On se pliera de bonne gr\u00e2ce au jeu des expertises compl\u00e9mentaires. Mais nous sommes sereins sur le fond du dossier.&nbsp;\u00bb<\/li>\n\n\n\n<li>Daniel Labaronne. \u00ab&nbsp;Je remercie le pr\u00e9fet de son initiative de commander une expertise impartiale [\u2026] Si je suis favorable aux \u00e9oliennes, je reste oppos\u00e9 \u00e0 l\u2019emplacement de ce projet.&nbsp;\u00bb<\/li>\n\n\n\n<li>Thierry Boutard&nbsp;: \u00ab&nbsp;Afin de clarifier la position de la CCVA et de la Ville d\u2019Amboise [\u2026] un point de d\u00e9bat et de prise de position&nbsp;\u00bb sur le sujet devrait \u00eatre mis \u00ab&nbsp;\u00e0 l\u2019ordre du jour tant du conseil municipal que du conseil communautaire.&nbsp;\u00bb<\/li>\n<\/ul>\n\n\n\n<p><strong>Rendez-vous au ch\u00e2teau<\/strong><\/p>\n\n\n\n<p>\u00c7a pourrait \u00eatre le titre d\u2019une nouvelle \u00e9mission de t\u00e9l\u00e9. Avec comme participants, un c\u00e9l\u00e8bre animateur, un directeur de monument historique, un pr\u00e9fet, des journalistes, des \u00ab\u00a0pour\u00a0\u00bb, des \u00ab\u00a0contres\u00a0\u00bb et des \u00ab\u00a0bien au contraire\u00a0\u00bb. Et une \u00e9preuve\u00a0: tenter de voir (ou pas), \u00e0 15\u00a0km de l\u00e0, en plein hiver, des ballons cens\u00e9s repr\u00e9senter des \u00e9oliennes de 140\u00a0m de haut. Mais ce \u00ab\u00a0rendez-vous au ch\u00e2teau\u00a0\u00bb n\u2019a rien d\u2019un jeu. C\u2019est l\u2019ultime \u00e9tape avant la validation d\u2019un projet \u00e9olien, pourtant \u00ab\u00a0modeste\u00a0\u00bb par ses dimensions, selon le pr\u00e9fet, mais qui d\u00e9clenche bien des passions. Les opposants joueront certainement leur derni\u00e8re carte ce jour-l\u00e0. \u00c0 \u00e9couter la d\u00e9monstration faite jeudi par Patrice Latron, on a l\u2019impression qu\u2019Oratorio, du point de vue de l\u2019\u00c9tat, a le vent dans le dos. \u00ab\u00a0Je pense qu\u2019il faut y aller\u00a0\u00bb, a dit le pr\u00e9fet. Pour les \u00e9oliennes d\u2019Auzouer-en-Touraine, en tout cas, le chemin passera d\u2019abord par le ch\u00e2teau d\u2019Amboise.<\/p>\n","protected":false},"excerpt":{"rendered":"<div class=\"mh-excerpt\"><p>Nouvelle R\u00e9publique &#8211; Publi\u00e9 le 19\/10\/2023 \u00e0 18\u00a0: 01 | Mis \u00e0 jour le 19\/10\/2023 \u00e0 20\u00a0: 45 Le pr\u00e9fet Patrice Latron a annonc\u00e9 ce <a class=\"mh-excerpt-more\" href=\"https:\/\/www.adegt.com\/index.php\/2023\/11\/07\/amboise-un-peu-de-repit-pour-les-opposants-au-projet-eolien\/\" title=\"Amboise\u00a0: un peu de r\u00e9pit pour les opposants au projet \u00e9olien\">[&#8230;]<\/a><\/p>\n<\/div>","protected":false},"author":70,"featured_media":6900,"comment_status":"closed","ping_status":"closed","sticky":false,"template":"","format":"standard","meta":{"footnotes":""},"categories":[4],"tags":[],"class_list":["post-6898","post","type-post","status-publish","format-standard","has-post-thumbnail","hentry","category-presse"],"_links":{"self":[{"href":"https:\/\/www.adegt.com\/index.php\/wp-json\/wp\/v2\/posts\/6898","targetHints":{"allow":["GET"]}}],"collection":[{"href":"https:\/\/www.adegt.com\/index.php\/wp-json\/wp\/v2\/posts"}],"about":[{"href":"https:\/\/www.adegt.com\/index.php\/wp-json\/wp\/v2\/types\/post"}],"author":[{"embeddable":true,"href":"https:\/\/www.adegt.com\/index.php\/wp-json\/wp\/v2\/users\/70"}],"replies":[{"embeddable":true,"href":"https:\/\/www.adegt.com\/index.php\/wp-json\/wp\/v2\/comments?post=6898"}],"version-history":[{"count":2,"href":"https:\/\/www.adegt.com\/index.php\/wp-json\/wp\/v2\/posts\/6898\/revisions"}],"predecessor-version":[{"id":6918,"href":"https:\/\/www.adegt.com\/index.php\/wp-json\/wp\/v2\/posts\/6898\/revisions\/6918"}],"wp:featuredmedia":[{"embeddable":true,"href":"https:\/\/www.adegt.com\/index.php\/wp-json\/wp\/v2\/media\/6900"}],"wp:attachment":[{"href":"https:\/\/www.adegt.com\/index.php\/wp-json\/wp\/v2\/media?parent=6898"}],"wp:term":[{"taxonomy":"category","embeddable":true,"href":"https:\/\/www.adegt.com\/index.php\/wp-json\/wp\/v2\/categories?post=6898"},{"taxonomy":"post_tag","embeddable":true,"href":"https:\/\/www.adegt.com\/index.php\/wp-json\/wp\/v2\/tags?post=6898"}],"curies":[{"name":"wp","href":"https:\/\/api.w.org\/{rel}","templated":true}]}}