{"id":6963,"date":"2023-11-24T17:46:43","date_gmt":"2023-11-24T16:46:43","guid":{"rendered":"https:\/\/www.adegt.com\/?page_id=6963"},"modified":"2023-11-28T10:40:47","modified_gmt":"2023-11-28T09:40:47","slug":"en-indre-et-loire-la-pression-monte-dun-cran-pour-limplantation-deoliennes","status":"publish","type":"post","link":"https:\/\/www.adegt.com\/index.php\/2023\/11\/24\/en-indre-et-loire-la-pression-monte-dun-cran-pour-limplantation-deoliennes\/","title":{"rendered":"En Indre-et-Loire, la pression monte d&rsquo;un cran pour l&rsquo;implantation d&rsquo;\u00e9oliennes"},"content":{"rendered":"\n<p>NR Publi\u00e9 le 20\/11\/2023<\/p>\n\n\n\n<p>Apr\u00e8s des ann\u00e9es de r\u00e9sistance, l\u2019Indre-et-Loire voit le nombre de projets de parcs \u00e9oliens se multiplier. Les plus avanc\u00e9s sont scrut\u00e9s de pr\u00e8s.<\/p>\n\n\n\n<p>Il a retenu sa plume \u00e0 la derni\u00e8re seconde, ou presque. Jeudi 19&nbsp;octobre 2023, le pr\u00e9fet Patrice Latron annon\u00e7ait qu\u2019il suspendait sa signature pour le projet Oratorio, ajournant ce qui \u00e9tait sur le point de devenir le premier parc \u00e9olien d\u2019Indre-et-Loire.<\/p>\n\n\n\n<p>Cette fois, il n\u2019est pas question <a href=\"https:\/\/www.lanouvellerepublique.fr\/indre-et-loire\/commune\/charnizay\/pres-de-loches-le-parc-eolien-du-chaiseau-retoque-par-la-prefecture-d-indre-et-loire\">d\u2019esp\u00e8ce prot\u00e9g\u00e9e<\/a>, d\u2019installation militaire ni de d\u00e9sengagement politique&nbsp;: port\u00e9es notamment par le tr\u00e8s m\u00e9diatique St\u00e9phane Berne, ce sont des consid\u00e9rations paysag\u00e8res qui s\u2019opposent&nbsp;&nbsp;du moins temporairement&nbsp;\u2013 \u00e0 l\u2019implantation de quatre m\u00e2ts d\u2019\u00e9olienne sur la commune d\u2019<a href=\"https:\/\/www.lanouvellerepublique.fr\/indre-et-loire\/commune\/auzouer-en-touraine\">Auzouer-en-Touraine<\/a>, \u00e0 quelque 15&nbsp;km du ch\u00e2teau d\u2019Amboise.<\/p>\n\n\n\n<p>Un nouveau revers pour le d\u00e9ploiement d\u2019\u00e9oliennes dans le d\u00e9partement, qui est loin d\u2019\u00eatre un \u00e9pilogue pour autant&nbsp;: pas moins de 24 projets restent sur la table et d\u2019autres, encore \u00e0 l\u2019\u00e9tude, pourraient bient\u00f4t \u00e9merger.<\/p>\n\n\n\n<figure class=\"wp-block-image size-large\"><img loading=\"lazy\" decoding=\"async\" width=\"1024\" height=\"1024\" src=\"https:\/\/www.adegt.com\/wp-content\/uploads\/2023\/11\/Avancement-des-projets-eolien-en-IL-1024x1024.png\" alt=\"\" class=\"wp-image-6965\" srcset=\"https:\/\/www.adegt.com\/wp-content\/uploads\/2023\/11\/Avancement-des-projets-eolien-en-IL-1024x1024.png 1024w, https:\/\/www.adegt.com\/wp-content\/uploads\/2023\/11\/Avancement-des-projets-eolien-en-IL-300x300.png 300w, https:\/\/www.adegt.com\/wp-content\/uploads\/2023\/11\/Avancement-des-projets-eolien-en-IL-150x150.png 150w, https:\/\/www.adegt.com\/wp-content\/uploads\/2023\/11\/Avancement-des-projets-eolien-en-IL-768x768.png 768w, https:\/\/www.adegt.com\/wp-content\/uploads\/2023\/11\/Avancement-des-projets-eolien-en-IL-1536x1536.png 1536w, https:\/\/www.adegt.com\/wp-content\/uploads\/2023\/11\/Avancement-des-projets-eolien-en-IL-2048x2048.png 2048w\" sizes=\"auto, (max-width: 1024px) 100vw, 1024px\" \/><\/figure>\n\n\n\n<p><em>Pour le moment, deux projets \u00e9oliens ont \u00e9t\u00e9 avort\u00e9s en Indre-et-Loire.<\/em><br><em>\u00a9 Infographie NR<\/em><\/p>\n\n\n\n<p><strong>\u00ab&nbsp;Y aller, mais pas \u00e0 n\u2019importe quel prix&nbsp;\u00bb<\/strong><\/p>\n\n\n\n<p>Apr\u00e8s des ann\u00e9es de r\u00e9sistances tous azimuts, l\u2019Indre-et-Loire fait encore partie des 30&nbsp;% de d\u00e9partements encore d\u00e9pourvus d\u2019\u00e9oliennes. Le coup d\u2019acc\u00e9l\u00e9rateur sur le d\u00e9ploiement des \u00e9nergies renouvelables voulu par le gouvernement pourrait changer la donne. <em>\u00ab&nbsp;Il y a une grosse pression sur le pr\u00e9fet&nbsp;\u00bb<\/em>, croit savoir un observateur du r\u00e9seau naturaliste tourangeau.<\/p>\n\n\n\n<p>Et il n\u2019est pas le seul. <em>\u00ab&nbsp;Les pr\u00e9fets ont une pression de dingue de la part de la premi\u00e8re ministre pour mettre des \u00e9oliennes partout&nbsp;\u00bb<\/em>, affirmait de son c\u00f4t\u00e9 St\u00e9phane Berne, lors de son r\u00e9quisitoire contre les \u00e9oliennes en projet \u00e0 l\u2019horizon du ch\u00e2teau d\u2019Amboise.<\/p>\n\n\n\n<p><em>\u00ab&nbsp;Je pense qu\u2019il faut y aller parce qu\u2019on n\u2019a pas d\u2019\u00e9oliennes, parce que c\u2019est la politique du gouvernement en mati\u00e8re d\u2019\u00e9nergies renouvelables, parce que c\u2019est une politique qu\u2019attendent les Fran\u00e7ais&nbsp;\u00bb<\/em>, r\u00e9pondait de mani\u00e8re indirecte Patrice Latron lors d\u2019une <a href=\"https:\/\/www.lanouvellerepublique.fr\/indre-et-loire\/commune\/auzouer-en-touraine\/amboise-un-peu-de-repit-pour-les-opposants-au-projet-eolien\">conf\u00e9rence de presse suivant la suspension du projet<\/a>&nbsp;Oratorio. <em>\u00ab&nbsp;Il faut y aller,<\/em> ajoutait-il,<em> mais pas \u00e0 n\u2019importe quel prix.&nbsp;\u00bb<\/em><\/p>\n\n\n\n<p>Avant de trancher sur l\u2019implantation de quatre m\u00e2ts \u00e0 Auzouer-en-Touraine, il a demand\u00e9 une nouvelle expertise paysag\u00e8re sur la base d\u2019une simulation par ballons captifs.<\/p>\n\n\n\n<p><strong>Des recours syst\u00e9matiques<\/strong><\/p>\n\n\n\n<p>En Indre-et-Loire, pas un projet \u00e9olien qui n&rsquo;a \u00e9t\u00e9 remis en cause. <em>\u00ab&nbsp;Tous les parcs \u00e9oliens du d\u00e9partement pour lesquels une d\u00e9cision administrative a \u00e9t\u00e9 prise par arr\u00eat\u00e9 pr\u00e9fectoral d\u2019autorisation, de refus ou de rejet font l\u2019objet de recours suspensif aupr\u00e8s de la cour administrative de Versailles&nbsp;\u00bb,<\/em> rel\u00e8vent les services de la pr\u00e9fecture.<\/p>\n\n\n\n<p>C\u2019est le cas des deux seuls parcs autoris\u00e9s \u00e0 ce mois de novembre&nbsp;2023&nbsp;: le parc \u00e9olien des Vents-de-l\u2019Ouest au <a href=\"https:\/\/www.lanouvellerepublique.fr\/indre-et-loire\/commune\/le-petit-pressigny\">Petit-Pressigny<\/a> et celui de <a href=\"https:\/\/www.lanouvellerepublique.fr\/indre-et-loire\/commune\/sepmes\">Sepmes<\/a> font l\u2019objet de recours m\u00ealant arguments patrimoniaux, paysagers et environnementaux\u2026 Avec, \u00e0 chaque fois, un alli\u00e9 qui a d\u00e9j\u00e0 fait ses preuves en Touraine&nbsp;: la <a href=\"https:\/\/www.lanouvellerepublique.fr\/indre-et-loire\/commune\/avrille-les-ponceaux\/indre-et-loire-la-tres-discrete-cigogne-noire-fete-50-ans-de-nidification-en-touraine\">tr\u00e8s prot\u00e9g\u00e9e cigogne noire<\/a>.<\/p>\n\n\n\n<p><em>\u00ab&nbsp;Tant que ce n\u2019est pas pass\u00e9 en jugement, on ne peut \u00eatre s\u00fbr de rien&nbsp;\u00bb, <\/em>rappelle le maire du Petit-Pressigny, Jean-Fran\u00e7ois Cron. Telle une \u00e9p\u00e9e de Damocl\u00e8s sur cette commune majoritairement oppos\u00e9e \u00e0 l\u2019implantation d\u2019\u00e9olienne, un m\u00e2t de mesure reste dress\u00e9 sur le site d\u2019implantation vis\u00e9 par le promoteur. <em>\u00ab&nbsp;Les ann\u00e9es passent, il a \u00e9t\u00e9 enlev\u00e9, remis\u2026 On le voit tr\u00e8s bien la nuit quand c\u2019est allum\u00e9&nbsp;\u00bb<\/em>, remarque le maire, dont l\u2019inqui\u00e9tude s\u2019est apais\u00e9e avec le passage des ann\u00e9es.<\/p>\n\n\n\n<p>Tout l\u2019inverse de R\u00e9gine R\u00e9zeau, qui porte le projet de cinq \u00e9oliennes sur sa commune depuis 2015. <em>\u00ab&nbsp;Je suis abasourdie que ce type de projet puisse \u00eatre arr\u00eat\u00e9 comme \u00e7a<\/em>, s\u2019agace la maire de Sepmes. <em>Je comprends qu\u2019on puisse s\u2019interroger ou que l\u2019on soit contre. Mais de notre c\u00f4t\u00e9, on a mis beaucoup de moyens, de temps et d\u2019\u00e9tudes pour prouver le bien-fond\u00e9 du projet, combien cela pourrait rapporter \u00e0 la commune\u2026 Et tout est l\u2019arr\u00eat. Pendant ce temps-l\u00e0, on fait les fonds de tiroir et notre patrimoine se d\u00e9t\u00e9riore parce qu\u2019on n\u2019a pas les moyens de l\u2019entretenir&nbsp;!&nbsp;\u00bb<\/em><\/p>\n\n\n\n<p>Et si la loi pour l\u2019acc\u00e9l\u00e9ration de la production d\u2019\u00e9nergies renouvelables (loi Aper) devrait, comme son nom l\u2019indique, acc\u00e9l\u00e9rer les proc\u00e9dures, rien ne dit que son souffle poussera les projets \u00e9oliens dans le d\u00e9partement. Dans de nombreuses communes, tous les regards sont d\u00e9j\u00e0 tourn\u00e9s vers le photovolta\u00efque. Des panneaux solaires pour faire barrage au vent&nbsp;?<\/p>\n\n\n\n<p><strong>Les porteurs de projets contre-attaquent<\/strong><\/p>\n\n\n\n<p>Les opposants aux \u00e9oliennes ne sont pas les seuls \u00e0 user de recours&nbsp;: les refus et rejets des autorit\u00e9s pr\u00e9fectorales font eux aussi l\u2019objet de recours. Parfois avec succ\u00e8s. Le promoteur du parc \u00e9olien des Terres-de-Pel\u00e9-Jou\u00e9, \u00e0 Bridor\u00e9, a d\u2019ailleurs r\u00e9cemment obtenu de la cour administrative d\u2019appel de Versailles une <a href=\"https:\/\/www.lanouvellerepublique.fr\/indre-et-loire\/commune\/bridore\/sud-touraine-le-projet-de-parc-eolien-a-bridore-refait-surface-apres-la-censure-du-veto-prefectoral\">r\u00e9vision du refus qui lui a \u00e9t\u00e9 initialement oppos\u00e9<\/a> avant m\u00eame l\u2019enqu\u00eate publique par la pr\u00e9c\u00e9dente pr\u00e9f\u00e8te, Marie Lajus. Faisant \u00e9tat d\u2019un \u00ab&nbsp;vice de proc\u00e9dure&nbsp;\u00bb et d\u2019une \u00ab&nbsp;erreur de droit&nbsp;\u00bb, la cour intime la pr\u00e9fecture de r\u00e9examiner le projet d\u2019ici le 28&nbsp;novembre. Sans que cela n\u2019implique forc\u00e9ment qu\u2019il d\u00e9livre une autorisation.<\/p>\n","protected":false},"excerpt":{"rendered":"<div class=\"mh-excerpt\"><p>NR Publi\u00e9 le 20\/11\/2023 Apr\u00e8s des ann\u00e9es de r\u00e9sistance, l\u2019Indre-et-Loire voit le nombre de projets de parcs \u00e9oliens se multiplier. Les plus avanc\u00e9s sont scrut\u00e9s <a class=\"mh-excerpt-more\" href=\"https:\/\/www.adegt.com\/index.php\/2023\/11\/24\/en-indre-et-loire-la-pression-monte-dun-cran-pour-limplantation-deoliennes\/\" title=\"En Indre-et-Loire, la pression monte d&rsquo;un cran pour l&rsquo;implantation d&rsquo;\u00e9oliennes\">[&#8230;]<\/a><\/p>\n<\/div>","protected":false},"author":70,"featured_media":6971,"comment_status":"closed","ping_status":"closed","sticky":false,"template":"","format":"standard","meta":{"footnotes":""},"categories":[4],"tags":[],"class_list":["post-6963","post","type-post","status-publish","format-standard","has-post-thumbnail","hentry","category-presse"],"_links":{"self":[{"href":"https:\/\/www.adegt.com\/index.php\/wp-json\/wp\/v2\/posts\/6963","targetHints":{"allow":["GET"]}}],"collection":[{"href":"https:\/\/www.adegt.com\/index.php\/wp-json\/wp\/v2\/posts"}],"about":[{"href":"https:\/\/www.adegt.com\/index.php\/wp-json\/wp\/v2\/types\/post"}],"author":[{"embeddable":true,"href":"https:\/\/www.adegt.com\/index.php\/wp-json\/wp\/v2\/users\/70"}],"replies":[{"embeddable":true,"href":"https:\/\/www.adegt.com\/index.php\/wp-json\/wp\/v2\/comments?post=6963"}],"version-history":[{"count":2,"href":"https:\/\/www.adegt.com\/index.php\/wp-json\/wp\/v2\/posts\/6963\/revisions"}],"predecessor-version":[{"id":6972,"href":"https:\/\/www.adegt.com\/index.php\/wp-json\/wp\/v2\/posts\/6963\/revisions\/6972"}],"wp:featuredmedia":[{"embeddable":true,"href":"https:\/\/www.adegt.com\/index.php\/wp-json\/wp\/v2\/media\/6971"}],"wp:attachment":[{"href":"https:\/\/www.adegt.com\/index.php\/wp-json\/wp\/v2\/media?parent=6963"}],"wp:term":[{"taxonomy":"category","embeddable":true,"href":"https:\/\/www.adegt.com\/index.php\/wp-json\/wp\/v2\/categories?post=6963"},{"taxonomy":"post_tag","embeddable":true,"href":"https:\/\/www.adegt.com\/index.php\/wp-json\/wp\/v2\/tags?post=6963"}],"curies":[{"name":"wp","href":"https:\/\/api.w.org\/{rel}","templated":true}]}}